{"id":169,"date":"2021-04-08T10:52:41","date_gmt":"2021-04-08T10:52:41","guid":{"rendered":"http:\/\/monmedenligne.com\/Blog\/?p=169"},"modified":"2021-04-27T18:04:41","modified_gmt":"2021-04-27T18:04:41","slug":"lessentiel-sur-langine","status":"publish","type":"post","link":"https:\/\/monmedenligne.com\/Blog\/sante\/lessentiel-sur-langine\/","title":{"rendered":"L\u2019ESSENTIEL SUR L\u2019ANGINE"},"content":{"rendered":"\n<p>En pratique courante, la\ndistinction clinique restant parfois difficile, les termes\n\u00ab&nbsp;angine&nbsp;\u00bb, \u00ab&nbsp;pharyngite&nbsp;\u00bb, \u00ab&nbsp;amygdalite&nbsp;\u00bb ou\n\u00ab&nbsp;pharyngo-amygdalite&nbsp;\u00bb peuvent \u00eatre consid\u00e9r\u00e9s comme \u00e9quivalents.<\/p>\n\n\n\n<p>Il s\u2019agit d\u2019une maladie infectieuse de la gorge, qui se manifeste par une inflammation aigue des amygdales (amygdalite), petits organes situ\u00e9s de part et d\u2019autre en arri\u00e8re de la langue, s\u2019accompagnant le plus souvent d\u2019une inflammation diffuse de toute la paroi de l\u2019oropharynx (pharyngite).<\/p>\n\n\n\n<p>Elle touche le plus souvent les enfants de plus de 2 ans et les adultes jeunes (moins de 40 ans).<\/p>\n\n\n\n<p><strong>Causes et transmission<\/strong><\/p>\n\n\n\n<p>Dans 8 cas sur 10, l\u2019angine est d\u2019<em><strong>origine virale<\/strong><\/em>. Les virus le plus souvent en cause sont les ad\u00e9novirus, virus de la grippe (virus influenza), virus respiratoire syncytial.&nbsp;<br>Mais elle peut \u00e9galement \u00eatre d\u2019<em><strong>origine bact\u00e9rienne<\/strong><\/em>, habituellement caus\u00e9e par les streptocoques du groupe A. <br>L\u2019infection se transmet par voie orale ou nasale lorsqu&rsquo;une personne infect\u00e9e \u00e9ternue ou tousse, ou peut-\u00eatre contract\u00e9e par manipulation de surface ou d\u2019objet contamin\u00e9s.<\/p>\n\n\n\n<p><strong>Sympt\u00f4mes<\/strong><\/p>\n\n\n\n<ul><li>La <em><strong>fi\u00e8vre<\/strong><\/em>, une <em><strong>g\u00eane douloureuse \u00e0 la gorge, exacerb\u00e9e par la d\u00e9glutition<\/strong><\/em>, une <strong><em>rougeur diffuse de l&rsquo;oropharynx<\/em><\/strong>,  avec <strong><em>augmentation de la taille des amygdales<\/em><\/strong>,  parfois recouverts d&rsquo;un enduit blanch\u00e2tre, constituent les principaux sympt\u00f4mes. <\/li><li> D\u2019autres signes&nbsp;peuvent \u00eatre associ\u00e9s tels que  des ganglions palpables en haut du cou, des signes respiratoires (\u00e9coulement nasal, toux, g\u00eane respiratoire), des douleurs abdominales s&rsquo;accompagnant parfois de diarrh\u00e9e. <\/li><\/ul>\n\n\n\n<p><strong>Diagnostic<\/strong><br> <br> Le diagnostic est pos\u00e9 par le m\u00e9decin apr\u00e8s <em><strong>examen clinique de la gorge<\/strong><\/em> et des <em><strong>tests biologiques<\/strong><\/em> pour d\u00e9terminer la nature virale ou bact\u00e9rienne de l\u2019angine.<\/p>\n\n\n\n<p><strong>Traitement<\/strong><br> <br> Le traitement est uniquement <em><strong>symptomatique pour l\u2019origine virale<\/strong><\/em>&nbsp;: des analg\u00e9siques par voie orale, des anesth\u00e9siques et anti-inflammatoires locaux, un sirop antitussif en cas de toux irritative.<\/p>\n\n\n\n<p>Le traitement repose sur une <em><strong>antibioth\u00e9rapie dans les cas d\u2019angine bact\u00e9rienne, notamment le streptocoque du groupe A<\/strong><\/em>, associ\u00e9e \u00e0 des m\u00e9dicaments contre la fi\u00e8vre et la douleur. <\/p>\n\n\n\n<p><strong>Complications<\/strong><\/p>\n\n\n\n<p>L\u2019acc\u00e8s facile et rapide aux soins de nos jours r\u00e9duit consid\u00e9rablement les complications des angines. <\/p>\n\n\n\n<p>Cependant on peut encore retrouver certaines complications telles que les abc\u00e8s amygdaliens, les abc\u00e8s retro-pharyng\u00e9s, les cellulites cervicales \u00e9tendues; avec accentuation de la fi\u00e8vre et de la douleur,  tum\u00e9faction de la gorge le plus souvent d&rsquo;un c\u00f4t\u00e9, aspect inflammatoire de la peau du cou. <\/p>\n\n\n\n<p>Le syndrome post-streptococcique (rhumatisme articulaire aigu et atteinte r\u00e9nale type glom\u00e9rulon\u00e9phrite) peut \u00e9galement compliquer une angine d&rsquo;origine streptococcique. <\/p>\n\n\n\n<p>Toutes ces complications n\u00e9cessitent\nune hospitalisation et une prise en charge en milieu hospitalier.<\/p>\n","protected":false},"excerpt":{"rendered":"<p>En pratique courante, la distinction clinique restant parfois difficile, les termes \u00ab&nbsp;angine&nbsp;\u00bb, \u00ab&nbsp;pharyngite&nbsp;\u00bb, \u00ab&nbsp;amygdalite&nbsp;\u00bb&hellip;<\/p>\n","protected":false},"author":2,"featured_media":174,"comment_status":"open","ping_status":"open","sticky":false,"template":"","format":"standard","meta":[],"categories":[4],"tags":[],"yoast_head":"<!-- This site is optimized with the Yoast SEO plugin v18.4.1 - https:\/\/yoast.com\/wordpress\/plugins\/seo\/ -->\n<title>L\u2019ESSENTIEL SUR L\u2019ANGINE - MonmedMag<\/title>\n<meta name=\"robots\" content=\"index, follow, max-snippet:-1, max-image-preview:large, max-video-preview:-1\" \/>\n<link rel=\"canonical\" href=\"https:\/\/monmedenligne.com\/Blog\/sante\/lessentiel-sur-langine\/\" \/>\n<meta property=\"og:locale\" content=\"fr_FR\" \/>\n<meta property=\"og:type\" content=\"article\" \/>\n<meta property=\"og:title\" content=\"L\u2019ESSENTIEL SUR L\u2019ANGINE - MonmedMag\" \/>\n<meta property=\"og:description\" content=\"En pratique courante, la distinction clinique restant parfois difficile, les termes \u00ab&nbsp;angine&nbsp;\u00bb, \u00ab&nbsp;pharyngite&nbsp;\u00bb, \u00ab&nbsp;amygdalite&nbsp;\u00bb&hellip;\" \/>\n<meta property=\"og:url\" content=\"https:\/\/monmedenligne.com\/Blog\/sante\/lessentiel-sur-langine\/\" \/>\n<meta property=\"og:site_name\" content=\"MonmedMag\" \/>\n<meta property=\"article:publisher\" content=\"https:\/\/web.facebook.com\/MonMedEnligne\" \/>\n<meta property=\"article:published_time\" content=\"2021-04-08T10:52:41+00:00\" \/>\n<meta property=\"article:modified_time\" content=\"2021-04-27T18:04:41+00:00\" \/>\n<meta property=\"og:image\" content=\"https:\/\/monmedenligne.com\/Blog\/wp-content\/uploads\/2021\/04\/vignette-focus.jpg\" \/>\n\t<meta property=\"og:image:width\" content=\"700\" \/>\n\t<meta property=\"og:image:height\" content=\"350\" \/>\n\t<meta property=\"og:image:type\" content=\"image\/jpeg\" \/>\n<meta name=\"twitter:card\" content=\"summary_large_image\" \/>\n<meta name=\"twitter:creator\" content=\"@monmedenligne\" \/>\n<meta name=\"twitter:site\" content=\"@monmedenligne\" \/>\n<meta name=\"twitter:label1\" content=\"\u00c9crit par\" \/>\n\t<meta name=\"twitter:data1\" content=\"Dr L.Quenum\" \/>\n\t<meta name=\"twitter:label2\" content=\"Dur\u00e9e de lecture estim\u00e9e\" \/>\n\t<meta name=\"twitter:data2\" content=\"2 minutes\" \/>\n<script type=\"application\/ld+json\" class=\"yoast-schema-graph\">{\"@context\":\"https:\/\/schema.org\",\"@graph\":[{\"@type\":\"WebSite\",\"@id\":\"https:\/\/monmedenligne.com\/Blog\/#website\",\"url\":\"https:\/\/monmedenligne.com\/Blog\/\",\"name\":\"MonmedMag\",\"description\":\"La maladie tue, l&#039;ignorance aussi\",\"potentialAction\":[{\"@type\":\"SearchAction\",\"target\":{\"@type\":\"EntryPoint\",\"urlTemplate\":\"https:\/\/monmedenligne.com\/Blog\/?s={search_term_string}\"},\"query-input\":\"required name=search_term_string\"}],\"inLanguage\":\"fr-FR\"},{\"@type\":\"ImageObject\",\"@id\":\"https:\/\/monmedenligne.com\/Blog\/sante\/lessentiel-sur-langine\/#primaryimage\",\"inLanguage\":\"fr-FR\",\"url\":\"https:\/\/monmedenligne.com\/Blog\/wp-content\/uploads\/2021\/04\/vignette-focus.jpg\",\"contentUrl\":\"https:\/\/monmedenligne.com\/Blog\/wp-content\/uploads\/2021\/04\/vignette-focus.jpg\",\"width\":700,\"height\":350},{\"@type\":\"WebPage\",\"@id\":\"https:\/\/monmedenligne.com\/Blog\/sante\/lessentiel-sur-langine\/#webpage\",\"url\":\"https:\/\/monmedenligne.com\/Blog\/sante\/lessentiel-sur-langine\/\",\"name\":\"L\u2019ESSENTIEL SUR L\u2019ANGINE - MonmedMag\",\"isPartOf\":{\"@id\":\"https:\/\/monmedenligne.com\/Blog\/#website\"},\"primaryImageOfPage\":{\"@id\":\"https:\/\/monmedenligne.com\/Blog\/sante\/lessentiel-sur-langine\/#primaryimage\"},\"datePublished\":\"2021-04-08T10:52:41+00:00\",\"dateModified\":\"2021-04-27T18:04:41+00:00\",\"author\":{\"@id\":\"https:\/\/monmedenligne.com\/Blog\/#\/schema\/person\/b389785b33827165c13b50318b69ff69\"},\"breadcrumb\":{\"@id\":\"https:\/\/monmedenligne.com\/Blog\/sante\/lessentiel-sur-langine\/#breadcrumb\"},\"inLanguage\":\"fr-FR\",\"potentialAction\":[{\"@type\":\"ReadAction\",\"target\":[\"https:\/\/monmedenligne.com\/Blog\/sante\/lessentiel-sur-langine\/\"]}]},{\"@type\":\"BreadcrumbList\",\"@id\":\"https:\/\/monmedenligne.com\/Blog\/sante\/lessentiel-sur-langine\/#breadcrumb\",\"itemListElement\":[{\"@type\":\"ListItem\",\"position\":1,\"name\":\"Accueil\",\"item\":\"https:\/\/monmedenligne.com\/Blog\/\"},{\"@type\":\"ListItem\",\"position\":2,\"name\":\"L\u2019ESSENTIEL SUR L\u2019ANGINE\"}]},{\"@type\":\"Person\",\"@id\":\"https:\/\/monmedenligne.com\/Blog\/#\/schema\/person\/b389785b33827165c13b50318b69ff69\",\"name\":\"Dr L.Quenum\",\"image\":{\"@type\":\"ImageObject\",\"@id\":\"https:\/\/monmedenligne.com\/Blog\/#personlogo\",\"inLanguage\":\"fr-FR\",\"url\":\"https:\/\/secure.gravatar.com\/avatar\/36207a182cf8efeb35eb55d1cb5cd54a?s=96&d=mm&r=g\",\"contentUrl\":\"https:\/\/secure.gravatar.com\/avatar\/36207a182cf8efeb35eb55d1cb5cd54a?s=96&d=mm&r=g\",\"caption\":\"Dr L.Quenum\"},\"url\":\"https:\/\/monmedenligne.com\/Blog\/author\/laurice-quenum\/\"}]}<\/script>\n<!-- \/ Yoast SEO plugin. -->","yoast_head_json":{"title":"L\u2019ESSENTIEL SUR L\u2019ANGINE - MonmedMag","robots":{"index":"index","follow":"follow","max-snippet":"max-snippet:-1","max-image-preview":"max-image-preview:large","max-video-preview":"max-video-preview:-1"},"canonical":"https:\/\/monmedenligne.com\/Blog\/sante\/lessentiel-sur-langine\/","og_locale":"fr_FR","og_type":"article","og_title":"L\u2019ESSENTIEL SUR L\u2019ANGINE - MonmedMag","og_description":"En pratique courante, la distinction clinique restant parfois difficile, les termes \u00ab&nbsp;angine&nbsp;\u00bb, \u00ab&nbsp;pharyngite&nbsp;\u00bb, \u00ab&nbsp;amygdalite&nbsp;\u00bb&hellip;","og_url":"https:\/\/monmedenligne.com\/Blog\/sante\/lessentiel-sur-langine\/","og_site_name":"MonmedMag","article_publisher":"https:\/\/web.facebook.com\/MonMedEnligne","article_published_time":"2021-04-08T10:52:41+00:00","article_modified_time":"2021-04-27T18:04:41+00:00","og_image":[{"width":700,"height":350,"url":"https:\/\/monmedenligne.com\/Blog\/wp-content\/uploads\/2021\/04\/vignette-focus.jpg","type":"image\/jpeg"}],"twitter_card":"summary_large_image","twitter_creator":"@monmedenligne","twitter_site":"@monmedenligne","twitter_misc":{"\u00c9crit par":"Dr L.Quenum","Dur\u00e9e de lecture estim\u00e9e":"2 minutes"},"schema":{"@context":"https:\/\/schema.org","@graph":[{"@type":"WebSite","@id":"https:\/\/monmedenligne.com\/Blog\/#website","url":"https:\/\/monmedenligne.com\/Blog\/","name":"MonmedMag","description":"La maladie tue, l&#039;ignorance aussi","potentialAction":[{"@type":"SearchAction","target":{"@type":"EntryPoint","urlTemplate":"https:\/\/monmedenligne.com\/Blog\/?s={search_term_string}"},"query-input":"required name=search_term_string"}],"inLanguage":"fr-FR"},{"@type":"ImageObject","@id":"https:\/\/monmedenligne.com\/Blog\/sante\/lessentiel-sur-langine\/#primaryimage","inLanguage":"fr-FR","url":"https:\/\/monmedenligne.com\/Blog\/wp-content\/uploads\/2021\/04\/vignette-focus.jpg","contentUrl":"https:\/\/monmedenligne.com\/Blog\/wp-content\/uploads\/2021\/04\/vignette-focus.jpg","width":700,"height":350},{"@type":"WebPage","@id":"https:\/\/monmedenligne.com\/Blog\/sante\/lessentiel-sur-langine\/#webpage","url":"https:\/\/monmedenligne.com\/Blog\/sante\/lessentiel-sur-langine\/","name":"L\u2019ESSENTIEL SUR L\u2019ANGINE - MonmedMag","isPartOf":{"@id":"https:\/\/monmedenligne.com\/Blog\/#website"},"primaryImageOfPage":{"@id":"https:\/\/monmedenligne.com\/Blog\/sante\/lessentiel-sur-langine\/#primaryimage"},"datePublished":"2021-04-08T10:52:41+00:00","dateModified":"2021-04-27T18:04:41+00:00","author":{"@id":"https:\/\/monmedenligne.com\/Blog\/#\/schema\/person\/b389785b33827165c13b50318b69ff69"},"breadcrumb":{"@id":"https:\/\/monmedenligne.com\/Blog\/sante\/lessentiel-sur-langine\/#breadcrumb"},"inLanguage":"fr-FR","potentialAction":[{"@type":"ReadAction","target":["https:\/\/monmedenligne.com\/Blog\/sante\/lessentiel-sur-langine\/"]}]},{"@type":"BreadcrumbList","@id":"https:\/\/monmedenligne.com\/Blog\/sante\/lessentiel-sur-langine\/#breadcrumb","itemListElement":[{"@type":"ListItem","position":1,"name":"Accueil","item":"https:\/\/monmedenligne.com\/Blog\/"},{"@type":"ListItem","position":2,"name":"L\u2019ESSENTIEL SUR L\u2019ANGINE"}]},{"@type":"Person","@id":"https:\/\/monmedenligne.com\/Blog\/#\/schema\/person\/b389785b33827165c13b50318b69ff69","name":"Dr L.Quenum","image":{"@type":"ImageObject","@id":"https:\/\/monmedenligne.com\/Blog\/#personlogo","inLanguage":"fr-FR","url":"https:\/\/secure.gravatar.com\/avatar\/36207a182cf8efeb35eb55d1cb5cd54a?s=96&d=mm&r=g","contentUrl":"https:\/\/secure.gravatar.com\/avatar\/36207a182cf8efeb35eb55d1cb5cd54a?s=96&d=mm&r=g","caption":"Dr L.Quenum"},"url":"https:\/\/monmedenligne.com\/Blog\/author\/laurice-quenum\/"}]}},"_links":{"self":[{"href":"https:\/\/monmedenligne.com\/Blog\/wp-json\/wp\/v2\/posts\/169"}],"collection":[{"href":"https:\/\/monmedenligne.com\/Blog\/wp-json\/wp\/v2\/posts"}],"about":[{"href":"https:\/\/monmedenligne.com\/Blog\/wp-json\/wp\/v2\/types\/post"}],"author":[{"embeddable":true,"href":"https:\/\/monmedenligne.com\/Blog\/wp-json\/wp\/v2\/users\/2"}],"replies":[{"embeddable":true,"href":"https:\/\/monmedenligne.com\/Blog\/wp-json\/wp\/v2\/comments?post=169"}],"version-history":[{"count":5,"href":"https:\/\/monmedenligne.com\/Blog\/wp-json\/wp\/v2\/posts\/169\/revisions"}],"predecessor-version":[{"id":178,"href":"https:\/\/monmedenligne.com\/Blog\/wp-json\/wp\/v2\/posts\/169\/revisions\/178"}],"wp:featuredmedia":[{"embeddable":true,"href":"https:\/\/monmedenligne.com\/Blog\/wp-json\/wp\/v2\/media\/174"}],"wp:attachment":[{"href":"https:\/\/monmedenligne.com\/Blog\/wp-json\/wp\/v2\/media?parent=169"}],"wp:term":[{"taxonomy":"category","embeddable":true,"href":"https:\/\/monmedenligne.com\/Blog\/wp-json\/wp\/v2\/categories?post=169"},{"taxonomy":"post_tag","embeddable":true,"href":"https:\/\/monmedenligne.com\/Blog\/wp-json\/wp\/v2\/tags?post=169"}],"curies":[{"name":"wp","href":"https:\/\/api.w.org\/{rel}","templated":true}]}}