{"id":287,"date":"2021-04-15T19:14:18","date_gmt":"2021-04-15T19:14:18","guid":{"rendered":"https:\/\/monmedenligne.com\/Blog\/?p=287"},"modified":"2021-05-03T18:38:00","modified_gmt":"2021-05-03T18:38:00","slug":"le-muguet-buccal-chez-le-bebe","status":"publish","type":"post","link":"https:\/\/monmedenligne.com\/Blog\/famille\/bebe\/le-muguet-buccal-chez-le-bebe\/","title":{"rendered":"LE MUGUET BUCCAL CHEZ LE BEBE"},"content":{"rendered":"\n<p>Le muguet buccal est une infection fongique de la cavit\u00e9 oropharyngienne. <\/p>\n\n\n\n<p>C&rsquo;est une pathologie fr\u00e9quente et b\u00e9nigne chez le b\u00e9b\u00e9.<\/p>\n\n\n\n<div id=\"ez-toc-container\" class=\"ez-toc-v2_0_55 counter-hierarchy ez-toc-counter ez-toc-grey ez-toc-container-direction\">\n<div class=\"ez-toc-title-container\">\n<p class=\"ez-toc-title \" >Sommaire <\/p>\n<span class=\"ez-toc-title-toggle\"><a href=\"#\" class=\"ez-toc-pull-right ez-toc-btn ez-toc-btn-xs ez-toc-btn-default ez-toc-toggle\" aria-label=\"Toggle Table of Content\" role=\"button\"><label for=\"item-69f4de7e38cd2\" ><span class=\"\"><span style=\"display:none;\">Toggle<\/span><span class=\"ez-toc-icon-toggle-span\"><svg style=\"fill: #999;color:#999\" xmlns=\"http:\/\/www.w3.org\/2000\/svg\" class=\"list-377408\" width=\"20px\" height=\"20px\" viewBox=\"0 0 24 24\" fill=\"none\"><path d=\"M6 6H4v2h2V6zm14 0H8v2h12V6zM4 11h2v2H4v-2zm16 0H8v2h12v-2zM4 16h2v2H4v-2zm16 0H8v2h12v-2z\" fill=\"currentColor\"><\/path><\/svg><svg style=\"fill: #999;color:#999\" class=\"arrow-unsorted-368013\" xmlns=\"http:\/\/www.w3.org\/2000\/svg\" width=\"10px\" height=\"10px\" viewBox=\"0 0 24 24\" version=\"1.2\" baseProfile=\"tiny\"><path d=\"M18.2 9.3l-6.2-6.3-6.2 6.3c-.2.2-.3.4-.3.7s.1.5.3.7c.2.2.4.3.7.3h11c.3 0 .5-.1.7-.3.2-.2.3-.5.3-.7s-.1-.5-.3-.7zM5.8 14.7l6.2 6.3 6.2-6.3c.2-.2.3-.5.3-.7s-.1-.5-.3-.7c-.2-.2-.4-.3-.7-.3h-11c-.3 0-.5.1-.7.3-.2.2-.3.5-.3.7s.1.5.3.7z\"\/><\/svg><\/span><\/span><\/label><input aria-label=\"Toggle\" aria-label=\"item-69f4de7e38cd2\"  type=\"checkbox\" id=\"item-69f4de7e38cd2\"><\/a><\/span><\/div>\n<nav><ul class='ez-toc-list ez-toc-list-level-1 ' ><li class='ez-toc-page-1 ez-toc-heading-level-4'><a class=\"ez-toc-link ez-toc-heading-1\" href=\"https:\/\/monmedenligne.com\/Blog\/famille\/bebe\/le-muguet-buccal-chez-le-bebe\/#CAUSES\" title=\"CAUSES\">CAUSES<\/a><\/li><li class='ez-toc-page-1 ez-toc-heading-level-4'><a class=\"ez-toc-link ez-toc-heading-2\" href=\"https:\/\/monmedenligne.com\/Blog\/famille\/bebe\/le-muguet-buccal-chez-le-bebe\/#VOIES_DE_TRANSMISSION\" title=\"VOIES DE TRANSMISSION\">VOIES DE TRANSMISSION<\/a><\/li><li class='ez-toc-page-1 ez-toc-heading-level-4'><a class=\"ez-toc-link ez-toc-heading-3\" href=\"https:\/\/monmedenligne.com\/Blog\/famille\/bebe\/le-muguet-buccal-chez-le-bebe\/#SYMPTOMES\" title=\"SYMPTOMES\">SYMPTOMES<\/a><\/li><li class='ez-toc-page-1 ez-toc-heading-level-4'><a class=\"ez-toc-link ez-toc-heading-4\" href=\"https:\/\/monmedenligne.com\/Blog\/famille\/bebe\/le-muguet-buccal-chez-le-bebe\/#TRAITEMENT\" title=\"TRAITEMENT\">TRAITEMENT<\/a><\/li><li class='ez-toc-page-1 ez-toc-heading-level-4'><a class=\"ez-toc-link ez-toc-heading-5\" href=\"https:\/\/monmedenligne.com\/Blog\/famille\/bebe\/le-muguet-buccal-chez-le-bebe\/#MESURES_D%E2%80%99HYGIENE_INDISPENSABLES_CONTRE_LA_RECIDIVE\" title=\"MESURES D\u2019HYGIENE INDISPENSABLES CONTRE LA RECIDIVE\">MESURES D\u2019HYGIENE INDISPENSABLES CONTRE LA RECIDIVE<\/a><\/li><\/ul><\/nav><\/div>\n<h4 class=\"has-vivid-cyan-blue-color has-text-color\"><span class=\"ez-toc-section\" id=\"CAUSES\"><\/span>CAUSES<span class=\"ez-toc-section-end\"><\/span><\/h4>\n\n\n\n<p>Il s\u2019agit d\u2019une mycose de la bouche caus\u00e9e par la prolif\u00e9ration d\u2019un champignon, le <strong><em>\u00ab\u00a0candida albicans\u00a0\u00bb<\/em><\/strong>.<\/p>\n\n\n\n<p>Le&nbsp;\u00ab\u00a0candida albicans\u00a0\u00bb est un champignon souvent pr\u00e9sent dans la bouche du b\u00e9b\u00e9, et sans impact pathologique syst\u00e9matique. Mais parfois, du fait de la <strong><em>faiblesse du syst\u00e8me immunitaire<\/em><\/strong> <strong><em>encore en d\u00e9veloppement<\/em><\/strong> des b\u00e9b\u00e9s , il peut arriver que ce champignon se multiplie de fa\u00e7on importante, cr\u00e9ant l&rsquo;infection.<\/p>\n\n\n\n<p>Le muguet buccal peut \u00e9galement survenir <strong><em>apr\u00e8s la prise d&rsquo;antibiotiques<\/em><\/strong>&nbsp;pour traiter une autre infection. En effet, lors du traitement, les&nbsp;antibiotiques&nbsp;d\u00e9truisent aussi la flore bact\u00e9rienne naturelle protectrice. Donc les champignons, non d\u00e9truits par les&nbsp;antibiotiques, ne sont plus contr\u00f4l\u00e9s par la flore bact\u00e9rienne naturelle et commencent \u00e0 se multiplier de fa\u00e7on importante.<\/p>\n\n\n\n<h4 class=\"has-vivid-cyan-blue-color has-text-color\"><span class=\"ez-toc-section\" id=\"VOIES_DE_TRANSMISSION\"><\/span>VOIES DE TRANSMISSION<span class=\"ez-toc-section-end\"><\/span><\/h4>\n\n\n\n<p>Le b\u00e9b\u00e9 peut contracter le \u00ab\u00a0candida albicans\u00a0\u00bb en portant \u00e0 la bouche des objets, ou t\u00e9tine contamin\u00e9s.<\/p>\n\n\n\n<p>La transmission peut \u00e9galement \u00eatre bidirectionnelle entre un b\u00e9b\u00e9 allait\u00e9 et sa m\u00e8re qui se transmettent l\u2019infection l\u2019un \u00e0 l\u2019autre. Dans ce cas les mamelons, et parfois les canaux lactif\u00e8res, de la m\u00e8re ainsi que la bouche du b\u00e9b\u00e9 peuvent \u00eatre infect\u00e9s.<\/p>\n\n\n\n<p>Plus rarement, la transmission peut se faire lors de l&rsquo;accouchement, suite \u00e0 une mycose vaginale. <\/p>\n\n\n\n<h4 class=\"has-vivid-cyan-blue-color has-text-color\"><span class=\"ez-toc-section\" id=\"SYMPTOMES\"><\/span>SYMPTOMES<span class=\"ez-toc-section-end\"><\/span><\/h4>\n\n\n\n<ul class=\"has-black-color has-text-color\"><li><em><strong>Plaques blanch\u00e2tres<\/strong> <\/em><img loading=\"lazy\" width=\"600\" height=\"421\" class=\"wp-image-295\" style=\"width: 130px\" src=\"https:\/\/monmedenligne.com\/Blog\/wp-content\/uploads\/2021\/04\/mugu.jpg\" alt=\"\" srcset=\"https:\/\/monmedenligne.com\/Blog\/wp-content\/uploads\/2021\/04\/mugu.jpg 600w, https:\/\/monmedenligne.com\/Blog\/wp-content\/uploads\/2021\/04\/mugu-300x211.jpg 300w, https:\/\/monmedenligne.com\/Blog\/wp-content\/uploads\/2021\/04\/mugu-585x410.jpg 585w\" sizes=\"(max-width: 600px) 100vw, 600px\" \/> apparaissant sur la langue, les gencives et l&rsquo;int\u00e9rieur des joues du b\u00e9b\u00e9. <em><span class=\"has-inline-color has-vivid-red-color\">A ne pas confondre avec des d\u00e9p\u00f4ts de lait (qui disparaissent apr\u00e8s un l\u00e9ger frottement<\/span><\/em><span class=\"has-inline-color has-vivid-red-color\">).<\/span><\/li><li><strong><em>Bouche s\u00e8che<\/em><\/strong>  <\/li><li>Parfois, <strong><em>petites fissures<\/em><\/strong> au niveau des commissures des l\u00e8vres<\/li><li><strong><em>L\u00e8vres souvent rouges et gonfl\u00e9es<\/em><\/strong><\/li><li>Parfois <strong><em>douleurs<\/em><\/strong> et pleurs au contact du lait sur les l\u00e9sions lors des t\u00e9t\u00e9es ou du biberon.<\/li><li>En cas d\u2019<strong><em>extension de l\u2019infection \u00e0 l&rsquo;appareil digestif<\/em><\/strong>, le b\u00e9b\u00e9 peut pr\u00e9senter des <strong><em>vomissements<\/em><\/strong>, <strong><em>diarrh\u00e9es<\/em><\/strong> et\/ou un <strong><em>\u00e9ryth\u00e8me fessier<\/em><\/strong> <img loading=\"lazy\" width=\"361\" height=\"234\" class=\"wp-image-292\" style=\"width: 130px\" src=\"https:\/\/monmedenligne.com\/Blog\/wp-content\/uploads\/2021\/04\/erytheme.jpg\" alt=\"\" srcset=\"https:\/\/monmedenligne.com\/Blog\/wp-content\/uploads\/2021\/04\/erytheme.jpg 361w, https:\/\/monmedenligne.com\/Blog\/wp-content\/uploads\/2021\/04\/erytheme-300x194.jpg 300w\" sizes=\"(max-width: 361px) 100vw, 361px\" \/> <\/li><\/ul>\n\n\n\n<h4 class=\"has-vivid-cyan-blue-color has-text-color\"><span class=\"ez-toc-section\" id=\"TRAITEMENT\"><\/span>TRAITEMENT<span class=\"ez-toc-section-end\"><\/span><\/h4>\n\n\n\n<p>Le muguet du nourrisson dispara\u00eet g\u00e9n\u00e9ralement de mani\u00e8re spontan\u00e9e sans traitement.<\/p>\n\n\n\n<p>Cependant, il est conseill\u00e9 de consulter un m\u00e9decin pour un traitement, si le muguet ne dispara\u00eet pas au bout de quelques jours ou s\u2019il est douloureux.&nbsp;<\/p>\n\n\n\n<p>Le traitement est bas\u00e9 sur des <strong><em>antifongiques<\/em><\/strong>, en suspension ou en gel pour application buccale. Attention \u00e0 bien suivre le traitement <strong><em>pendant 2 semaines<\/em><\/strong>, m\u00eame si le muguet semble avoir disparu au bout de quelques jours, pour \u00e9viter une r\u00e9cidive.<\/p>\n\n\n\n<p>En cas d&rsquo;\u00e9ryth\u00e8me fessier, une cr\u00e8me antifongique sera associ\u00e9e , en application locale sur le si\u00e8ge.<\/p>\n\n\n\n<p>En cas de signes d\u2019atteinte du mamelon chez la maman (mamelons rouges, irrit\u00e9s, avec des crevasses et\/ou des cro\u00fbtes, des d\u00e9mangeaisons, des douleurs pendant la t\u00e9t\u00e9e), il faut appliquer avant et apr\u00e8s chaque t\u00e9t\u00e9e, le gel antimycosique prescrit au b\u00e9b\u00e9.<\/p>\n\n\n\n<h4 class=\"has-vivid-cyan-blue-color has-text-color\"><span class=\"ez-toc-section\" id=\"MESURES_D%E2%80%99HYGIENE_INDISPENSABLES_CONTRE_LA_RECIDIVE\"><\/span><strong>MESURES D\u2019HYGIENE INDISPENSABLES CONTRE LA RECIDIVE<\/strong><span class=\"ez-toc-section-end\"><\/span><\/h4>\n\n\n\n<ul><li>Lavez et st\u00e9rilisez apr\u00e8s chaque usage, les biberons, t\u00e9tines de biberons, sucettes, anneaux de dentition, que votre b\u00e9b\u00e9 porte \u00e0 sa bouche, gr\u00e2ce \u00e0 un st\u00e9rilisateur ou de l&rsquo;eau bouillante pendant 15 \u00e0 20 minutes.<\/li><li>Lavez \u00e9galement fr\u00e9quemment et portez \u00e0 \u00e9bullition ses jouets, draps,&nbsp;bavoirs, gants de toilette de votre b\u00e9b\u00e9 pendant 15 \u00e0 20&nbsp;minutes.<\/li><li>Lavez vous soigneusement et r\u00e9guli\u00e8rement les mains avant et apr\u00e8s chaque soin \u00e0 votre b\u00e9b\u00e9.<\/li><li>Si vous allaitez, nettoyez vous bien les mamelons avant et apr\u00e8s chaque t\u00e9t\u00e9e (et y passer le gel antimycosique si vous pr\u00e9sentez des signes d\u2019infection).<\/li><li>Changez r\u00e9guli\u00e8rement les coussinets d&rsquo;allaitement et soutiens gorge, pour limiter la prolif\u00e9ration du champignon.<\/li><\/ul>\n\n\n\n<p><\/p>\n","protected":false},"excerpt":{"rendered":"<p>Le muguet buccal est une infection fongique de la cavit\u00e9 oropharyngienne. C&rsquo;est une pathologie&hellip;<\/p>\n","protected":false},"author":2,"featured_media":314,"comment_status":"closed","ping_status":"open","sticky":false,"template":"","format":"standard","meta":[],"categories":[39],"tags":[49,43,48,42,46,45,47],"yoast_head":"<!-- This site is optimized with the Yoast SEO plugin v18.4.1 - https:\/\/yoast.com\/wordpress\/plugins\/seo\/ -->\n<title>LE MUGUET BUCCAL CHEZ LE BEBE - MonmedMag<\/title>\n<meta name=\"description\" content=\"Le muguet buccal est une infection mycosique, fr\u00e9quente et b\u00e9nigne chez le b\u00e9b\u00e9, qui se manifeste par des plaques blanch\u00e2tres dans la bouche.\" \/>\n<meta name=\"robots\" content=\"index, follow, max-snippet:-1, max-image-preview:large, max-video-preview:-1\" \/>\n<link rel=\"canonical\" href=\"https:\/\/monmedenligne.com\/Blog\/famille\/bebe\/le-muguet-buccal-chez-le-bebe\/\" \/>\n<meta property=\"og:locale\" content=\"fr_FR\" \/>\n<meta property=\"og:type\" content=\"article\" \/>\n<meta property=\"og:title\" content=\"LE MUGUET BUCCAL CHEZ LE BEBE - MonmedMag\" \/>\n<meta property=\"og:description\" content=\"Le muguet buccal est une infection mycosique, fr\u00e9quente et b\u00e9nigne chez le b\u00e9b\u00e9, qui se manifeste par des plaques blanch\u00e2tres dans la bouche.\" \/>\n<meta property=\"og:url\" content=\"https:\/\/monmedenligne.com\/Blog\/famille\/bebe\/le-muguet-buccal-chez-le-bebe\/\" \/>\n<meta property=\"og:site_name\" content=\"MonmedMag\" \/>\n<meta property=\"article:publisher\" content=\"https:\/\/web.facebook.com\/MonMedEnligne\" \/>\n<meta property=\"article:published_time\" content=\"2021-04-15T19:14:18+00:00\" \/>\n<meta property=\"article:modified_time\" content=\"2021-05-03T18:38:00+00:00\" \/>\n<meta property=\"og:image\" content=\"https:\/\/monmedenligne.com\/Blog\/wp-content\/uploads\/2021\/04\/muguet.png\" \/>\n\t<meta property=\"og:image:width\" content=\"810\" \/>\n\t<meta property=\"og:image:height\" content=\"329\" \/>\n\t<meta property=\"og:image:type\" content=\"image\/png\" \/>\n<meta name=\"twitter:card\" content=\"summary_large_image\" \/>\n<meta name=\"twitter:creator\" content=\"@monmedenligne\" \/>\n<meta name=\"twitter:site\" content=\"@monmedenligne\" \/>\n<meta name=\"twitter:label1\" content=\"\u00c9crit par\" \/>\n\t<meta name=\"twitter:data1\" content=\"Dr L.Quenum\" \/>\n\t<meta name=\"twitter:label2\" content=\"Dur\u00e9e de lecture estim\u00e9e\" \/>\n\t<meta name=\"twitter:data2\" content=\"3 minutes\" \/>\n<script type=\"application\/ld+json\" class=\"yoast-schema-graph\">{\"@context\":\"https:\/\/schema.org\",\"@graph\":[{\"@type\":\"WebSite\",\"@id\":\"https:\/\/monmedenligne.com\/Blog\/#website\",\"url\":\"https:\/\/monmedenligne.com\/Blog\/\",\"name\":\"MonmedMag\",\"description\":\"La maladie tue, l&#039;ignorance aussi\",\"potentialAction\":[{\"@type\":\"SearchAction\",\"target\":{\"@type\":\"EntryPoint\",\"urlTemplate\":\"https:\/\/monmedenligne.com\/Blog\/?s={search_term_string}\"},\"query-input\":\"required name=search_term_string\"}],\"inLanguage\":\"fr-FR\"},{\"@type\":\"ImageObject\",\"@id\":\"https:\/\/monmedenligne.com\/Blog\/famille\/bebe\/le-muguet-buccal-chez-le-bebe\/#primaryimage\",\"inLanguage\":\"fr-FR\",\"url\":\"https:\/\/monmedenligne.com\/Blog\/wp-content\/uploads\/2021\/04\/muguet.png\",\"contentUrl\":\"https:\/\/monmedenligne.com\/Blog\/wp-content\/uploads\/2021\/04\/muguet.png\",\"width\":810,\"height\":329},{\"@type\":\"WebPage\",\"@id\":\"https:\/\/monmedenligne.com\/Blog\/famille\/bebe\/le-muguet-buccal-chez-le-bebe\/#webpage\",\"url\":\"https:\/\/monmedenligne.com\/Blog\/famille\/bebe\/le-muguet-buccal-chez-le-bebe\/\",\"name\":\"LE MUGUET BUCCAL CHEZ LE BEBE - MonmedMag\",\"isPartOf\":{\"@id\":\"https:\/\/monmedenligne.com\/Blog\/#website\"},\"primaryImageOfPage\":{\"@id\":\"https:\/\/monmedenligne.com\/Blog\/famille\/bebe\/le-muguet-buccal-chez-le-bebe\/#primaryimage\"},\"datePublished\":\"2021-04-15T19:14:18+00:00\",\"dateModified\":\"2021-05-03T18:38:00+00:00\",\"author\":{\"@id\":\"https:\/\/monmedenligne.com\/Blog\/#\/schema\/person\/b389785b33827165c13b50318b69ff69\"},\"description\":\"Le muguet buccal est une infection mycosique, fr\u00e9quente et b\u00e9nigne chez le b\u00e9b\u00e9, qui se manifeste par des plaques blanch\u00e2tres dans la bouche.\",\"breadcrumb\":{\"@id\":\"https:\/\/monmedenligne.com\/Blog\/famille\/bebe\/le-muguet-buccal-chez-le-bebe\/#breadcrumb\"},\"inLanguage\":\"fr-FR\",\"potentialAction\":[{\"@type\":\"ReadAction\",\"target\":[\"https:\/\/monmedenligne.com\/Blog\/famille\/bebe\/le-muguet-buccal-chez-le-bebe\/\"]}]},{\"@type\":\"BreadcrumbList\",\"@id\":\"https:\/\/monmedenligne.com\/Blog\/famille\/bebe\/le-muguet-buccal-chez-le-bebe\/#breadcrumb\",\"itemListElement\":[{\"@type\":\"ListItem\",\"position\":1,\"name\":\"Accueil\",\"item\":\"https:\/\/monmedenligne.com\/Blog\/\"},{\"@type\":\"ListItem\",\"position\":2,\"name\":\"LE MUGUET BUCCAL CHEZ LE BEBE\"}]},{\"@type\":\"Person\",\"@id\":\"https:\/\/monmedenligne.com\/Blog\/#\/schema\/person\/b389785b33827165c13b50318b69ff69\",\"name\":\"Dr L.Quenum\",\"image\":{\"@type\":\"ImageObject\",\"@id\":\"https:\/\/monmedenligne.com\/Blog\/#personlogo\",\"inLanguage\":\"fr-FR\",\"url\":\"https:\/\/secure.gravatar.com\/avatar\/36207a182cf8efeb35eb55d1cb5cd54a?s=96&d=mm&r=g\",\"contentUrl\":\"https:\/\/secure.gravatar.com\/avatar\/36207a182cf8efeb35eb55d1cb5cd54a?s=96&d=mm&r=g\",\"caption\":\"Dr L.Quenum\"},\"url\":\"https:\/\/monmedenligne.com\/Blog\/author\/laurice-quenum\/\"}]}<\/script>\n<!-- \/ Yoast SEO plugin. -->","yoast_head_json":{"title":"LE MUGUET BUCCAL CHEZ LE BEBE - MonmedMag","description":"Le muguet buccal est une infection mycosique, fr\u00e9quente et b\u00e9nigne chez le b\u00e9b\u00e9, qui se manifeste par des plaques blanch\u00e2tres dans la bouche.","robots":{"index":"index","follow":"follow","max-snippet":"max-snippet:-1","max-image-preview":"max-image-preview:large","max-video-preview":"max-video-preview:-1"},"canonical":"https:\/\/monmedenligne.com\/Blog\/famille\/bebe\/le-muguet-buccal-chez-le-bebe\/","og_locale":"fr_FR","og_type":"article","og_title":"LE MUGUET BUCCAL CHEZ LE BEBE - MonmedMag","og_description":"Le muguet buccal est une infection mycosique, fr\u00e9quente et b\u00e9nigne chez le b\u00e9b\u00e9, qui se manifeste par des plaques blanch\u00e2tres dans la bouche.","og_url":"https:\/\/monmedenligne.com\/Blog\/famille\/bebe\/le-muguet-buccal-chez-le-bebe\/","og_site_name":"MonmedMag","article_publisher":"https:\/\/web.facebook.com\/MonMedEnligne","article_published_time":"2021-04-15T19:14:18+00:00","article_modified_time":"2021-05-03T18:38:00+00:00","og_image":[{"width":810,"height":329,"url":"https:\/\/monmedenligne.com\/Blog\/wp-content\/uploads\/2021\/04\/muguet.png","type":"image\/png"}],"twitter_card":"summary_large_image","twitter_creator":"@monmedenligne","twitter_site":"@monmedenligne","twitter_misc":{"\u00c9crit par":"Dr L.Quenum","Dur\u00e9e de lecture estim\u00e9e":"3 minutes"},"schema":{"@context":"https:\/\/schema.org","@graph":[{"@type":"WebSite","@id":"https:\/\/monmedenligne.com\/Blog\/#website","url":"https:\/\/monmedenligne.com\/Blog\/","name":"MonmedMag","description":"La maladie tue, l&#039;ignorance aussi","potentialAction":[{"@type":"SearchAction","target":{"@type":"EntryPoint","urlTemplate":"https:\/\/monmedenligne.com\/Blog\/?s={search_term_string}"},"query-input":"required name=search_term_string"}],"inLanguage":"fr-FR"},{"@type":"ImageObject","@id":"https:\/\/monmedenligne.com\/Blog\/famille\/bebe\/le-muguet-buccal-chez-le-bebe\/#primaryimage","inLanguage":"fr-FR","url":"https:\/\/monmedenligne.com\/Blog\/wp-content\/uploads\/2021\/04\/muguet.png","contentUrl":"https:\/\/monmedenligne.com\/Blog\/wp-content\/uploads\/2021\/04\/muguet.png","width":810,"height":329},{"@type":"WebPage","@id":"https:\/\/monmedenligne.com\/Blog\/famille\/bebe\/le-muguet-buccal-chez-le-bebe\/#webpage","url":"https:\/\/monmedenligne.com\/Blog\/famille\/bebe\/le-muguet-buccal-chez-le-bebe\/","name":"LE MUGUET BUCCAL CHEZ LE BEBE - MonmedMag","isPartOf":{"@id":"https:\/\/monmedenligne.com\/Blog\/#website"},"primaryImageOfPage":{"@id":"https:\/\/monmedenligne.com\/Blog\/famille\/bebe\/le-muguet-buccal-chez-le-bebe\/#primaryimage"},"datePublished":"2021-04-15T19:14:18+00:00","dateModified":"2021-05-03T18:38:00+00:00","author":{"@id":"https:\/\/monmedenligne.com\/Blog\/#\/schema\/person\/b389785b33827165c13b50318b69ff69"},"description":"Le muguet buccal est une infection mycosique, fr\u00e9quente et b\u00e9nigne chez le b\u00e9b\u00e9, qui se manifeste par des plaques blanch\u00e2tres dans la bouche.","breadcrumb":{"@id":"https:\/\/monmedenligne.com\/Blog\/famille\/bebe\/le-muguet-buccal-chez-le-bebe\/#breadcrumb"},"inLanguage":"fr-FR","potentialAction":[{"@type":"ReadAction","target":["https:\/\/monmedenligne.com\/Blog\/famille\/bebe\/le-muguet-buccal-chez-le-bebe\/"]}]},{"@type":"BreadcrumbList","@id":"https:\/\/monmedenligne.com\/Blog\/famille\/bebe\/le-muguet-buccal-chez-le-bebe\/#breadcrumb","itemListElement":[{"@type":"ListItem","position":1,"name":"Accueil","item":"https:\/\/monmedenligne.com\/Blog\/"},{"@type":"ListItem","position":2,"name":"LE MUGUET BUCCAL CHEZ LE BEBE"}]},{"@type":"Person","@id":"https:\/\/monmedenligne.com\/Blog\/#\/schema\/person\/b389785b33827165c13b50318b69ff69","name":"Dr L.Quenum","image":{"@type":"ImageObject","@id":"https:\/\/monmedenligne.com\/Blog\/#personlogo","inLanguage":"fr-FR","url":"https:\/\/secure.gravatar.com\/avatar\/36207a182cf8efeb35eb55d1cb5cd54a?s=96&d=mm&r=g","contentUrl":"https:\/\/secure.gravatar.com\/avatar\/36207a182cf8efeb35eb55d1cb5cd54a?s=96&d=mm&r=g","caption":"Dr L.Quenum"},"url":"https:\/\/monmedenligne.com\/Blog\/author\/laurice-quenum\/"}]}},"_links":{"self":[{"href":"https:\/\/monmedenligne.com\/Blog\/wp-json\/wp\/v2\/posts\/287"}],"collection":[{"href":"https:\/\/monmedenligne.com\/Blog\/wp-json\/wp\/v2\/posts"}],"about":[{"href":"https:\/\/monmedenligne.com\/Blog\/wp-json\/wp\/v2\/types\/post"}],"author":[{"embeddable":true,"href":"https:\/\/monmedenligne.com\/Blog\/wp-json\/wp\/v2\/users\/2"}],"replies":[{"embeddable":true,"href":"https:\/\/monmedenligne.com\/Blog\/wp-json\/wp\/v2\/comments?post=287"}],"version-history":[{"count":13,"href":"https:\/\/monmedenligne.com\/Blog\/wp-json\/wp\/v2\/posts\/287\/revisions"}],"predecessor-version":[{"id":313,"href":"https:\/\/monmedenligne.com\/Blog\/wp-json\/wp\/v2\/posts\/287\/revisions\/313"}],"wp:featuredmedia":[{"embeddable":true,"href":"https:\/\/monmedenligne.com\/Blog\/wp-json\/wp\/v2\/media\/314"}],"wp:attachment":[{"href":"https:\/\/monmedenligne.com\/Blog\/wp-json\/wp\/v2\/media?parent=287"}],"wp:term":[{"taxonomy":"category","embeddable":true,"href":"https:\/\/monmedenligne.com\/Blog\/wp-json\/wp\/v2\/categories?post=287"},{"taxonomy":"post_tag","embeddable":true,"href":"https:\/\/monmedenligne.com\/Blog\/wp-json\/wp\/v2\/tags?post=287"}],"curies":[{"name":"wp","href":"https:\/\/api.w.org\/{rel}","templated":true}]}}