{"id":336,"date":"2021-04-22T13:49:19","date_gmt":"2021-04-22T13:49:19","guid":{"rendered":"https:\/\/monmedenligne.com\/Blog\/?p=336"},"modified":"2021-05-03T18:37:46","modified_gmt":"2021-05-03T18:37:46","slug":"le-rhume-du-bebe-ne-plus-paniquer","status":"publish","type":"post","link":"https:\/\/monmedenligne.com\/Blog\/famille\/bebe\/le-rhume-du-bebe-ne-plus-paniquer\/","title":{"rendered":"LE RHUME DU BEBE : NE PLUS PANIQUER !"},"content":{"rendered":"\n<p>Le rhume est une infection b\u00e9nigne mais tr\u00e8s contagieuse&nbsp;des voies respiratoires sup\u00e9rieures (nez, bouche, pharynx, larynx).<\/p>\n\n\n\n<div id=\"ez-toc-container\" class=\"ez-toc-v2_0_55 counter-hierarchy ez-toc-counter ez-toc-grey ez-toc-container-direction\">\n<div class=\"ez-toc-title-container\">\n<p class=\"ez-toc-title \" >Sommaire <\/p>\n<span class=\"ez-toc-title-toggle\"><a href=\"#\" class=\"ez-toc-pull-right ez-toc-btn ez-toc-btn-xs ez-toc-btn-default ez-toc-toggle\" aria-label=\"Toggle Table of Content\" role=\"button\"><label for=\"item-69f57c6d6550d\" ><span class=\"\"><span style=\"display:none;\">Toggle<\/span><span class=\"ez-toc-icon-toggle-span\"><svg style=\"fill: #999;color:#999\" xmlns=\"http:\/\/www.w3.org\/2000\/svg\" class=\"list-377408\" width=\"20px\" height=\"20px\" viewBox=\"0 0 24 24\" fill=\"none\"><path d=\"M6 6H4v2h2V6zm14 0H8v2h12V6zM4 11h2v2H4v-2zm16 0H8v2h12v-2zM4 16h2v2H4v-2zm16 0H8v2h12v-2z\" fill=\"currentColor\"><\/path><\/svg><svg style=\"fill: #999;color:#999\" class=\"arrow-unsorted-368013\" xmlns=\"http:\/\/www.w3.org\/2000\/svg\" width=\"10px\" height=\"10px\" viewBox=\"0 0 24 24\" version=\"1.2\" baseProfile=\"tiny\"><path d=\"M18.2 9.3l-6.2-6.3-6.2 6.3c-.2.2-.3.4-.3.7s.1.5.3.7c.2.2.4.3.7.3h11c.3 0 .5-.1.7-.3.2-.2.3-.5.3-.7s-.1-.5-.3-.7zM5.8 14.7l6.2 6.3 6.2-6.3c.2-.2.3-.5.3-.7s-.1-.5-.3-.7c-.2-.2-.4-.3-.7-.3h-11c-.3 0-.5.1-.7.3-.2.2-.3.5-.3.7s.1.5.3.7z\"\/><\/svg><\/span><\/span><\/label><input aria-label=\"Toggle\" aria-label=\"item-69f57c6d6550d\"  type=\"checkbox\" id=\"item-69f57c6d6550d\"><\/a><\/span><\/div>\n<nav><ul class='ez-toc-list ez-toc-list-level-1 ' ><li class='ez-toc-page-1 ez-toc-heading-level-4'><a class=\"ez-toc-link ez-toc-heading-1\" href=\"https:\/\/monmedenligne.com\/Blog\/famille\/bebe\/le-rhume-du-bebe-ne-plus-paniquer\/#CAUSES\" title=\"CAUSES\">CAUSES<\/a><\/li><li class='ez-toc-page-1 ez-toc-heading-level-4'><a class=\"ez-toc-link ez-toc-heading-2\" href=\"https:\/\/monmedenligne.com\/Blog\/famille\/bebe\/le-rhume-du-bebe-ne-plus-paniquer\/#MODE_DE_TRANSMISSION\" title=\"MODE DE TRANSMISSION\">MODE DE TRANSMISSION<\/a><\/li><li class='ez-toc-page-1 ez-toc-heading-level-4'><a class=\"ez-toc-link ez-toc-heading-3\" href=\"https:\/\/monmedenligne.com\/Blog\/famille\/bebe\/le-rhume-du-bebe-ne-plus-paniquer\/#SYMPTOMES\" title=\"SYMPTOMES\">SYMPTOMES<\/a><\/li><li class='ez-toc-page-1 ez-toc-heading-level-4'><a class=\"ez-toc-link ez-toc-heading-4\" href=\"https:\/\/monmedenligne.com\/Blog\/famille\/bebe\/le-rhume-du-bebe-ne-plus-paniquer\/#QUE_FAIRE\" title=\"QUE FAIRE?\">QUE FAIRE?<\/a><ul class='ez-toc-list-level-5'><li class='ez-toc-heading-level-5'><a class=\"ez-toc-link ez-toc-heading-5\" href=\"https:\/\/monmedenligne.com\/Blog\/famille\/bebe\/le-rhume-du-bebe-ne-plus-paniquer\/#Le_lavage_du_nez_double_arme_therapeutique_contre_l%E2%80%99encombrement_et_la_surinfection\" title=\"Le lavage du nez : double arme th\u00e9rapeutique contre l\u2019encombrement et la surinfection\">Le lavage du nez : double arme th\u00e9rapeutique contre l\u2019encombrement et la surinfection<\/a><\/li><\/ul><\/li><li class='ez-toc-page-1 ez-toc-heading-level-4'><a class=\"ez-toc-link ez-toc-heading-6\" href=\"https:\/\/monmedenligne.com\/Blog\/famille\/bebe\/le-rhume-du-bebe-ne-plus-paniquer\/#QUAND_CONSULTER_UN_MEDECIN\" title=\"QUAND CONSULTER UN MEDECIN\">QUAND CONSULTER UN MEDECIN<\/a><\/li><li class='ez-toc-page-1 ez-toc-heading-level-4'><a class=\"ez-toc-link ez-toc-heading-7\" href=\"https:\/\/monmedenligne.com\/Blog\/famille\/bebe\/le-rhume-du-bebe-ne-plus-paniquer\/#A_EVITER\" title=\"A EVITER\">A EVITER<\/a><\/li><li class='ez-toc-page-1 ez-toc-heading-level-4'><a class=\"ez-toc-link ez-toc-heading-8\" href=\"https:\/\/monmedenligne.com\/Blog\/famille\/bebe\/le-rhume-du-bebe-ne-plus-paniquer\/#COMPLICATIONS\" title=\"COMPLICATIONS\">COMPLICATIONS<\/a><\/li><\/ul><\/nav><\/div>\n<h4 class=\"has-vivid-purple-color has-text-color\"><span class=\"ez-toc-section\" id=\"CAUSES\"><\/span>CAUSES<span class=\"ez-toc-section-end\"><\/span><\/h4>\n\n\n\n<p>Le rhume est fr\u00e9quent chez les nourrissons et les enfants de moins de 5&nbsp;ans, car leur syst\u00e8me immunitaire n\u2019est pas encore compl\u00e8tement form\u00e9.<\/p>\n\n\n\n<p>En effet, un b\u00e9b\u00e9 perd progressivement les anticorps maternels acquis pendant la grossesse et l&rsquo;allaitement.<\/p>\n\n\n\n<p>Son organisme doit donc&nbsp;apprendre \u00e0 reconna\u00eetre les agents infectieux&nbsp;et&nbsp;d\u00e9velopper une r\u00e9ponse immunitaire, qui doit \u00eatre sp\u00e9cifique \u00e0 chaque agent infectant.<\/p>\n\n\n\n<p>Or,&nbsp;pr\u00e8s de 200 diff\u00e9rents types de virus peuvent causer le rhume, dont les rhinovirus (en t\u00eate), les ad\u00e9novirus, les coronavirus\u2026 etc.<\/p>\n\n\n\n<h4 class=\"has-vivid-purple-color has-text-color\"><span class=\"ez-toc-section\" id=\"MODE_DE_TRANSMISSION\"><\/span><strong>MODE DE TRANSMISSION<\/strong><span class=\"ez-toc-section-end\"><\/span><\/h4>\n\n\n\n<ul><li>Contact direct avec des s\u00e9cr\u00e9tions \u00e9mises lors d\u2019une toux ou des \u00e9ternuements par une personne infect\u00e9e.<\/li><li>Contact avec des mains ou des objets contamin\u00e9s.<\/li><\/ul>\n\n\n\n<p>Ceci explique la fr\u00e9quence parfois \u00e9lev\u00e9e des rhumes chez les b\u00e9b\u00e9s qui fr\u00e9quentent une garderie, o\u00f9 le contact presque continuel lors des jeux est difficile \u00e0 \u00e9viter.<\/p>\n\n\n\n<h4 class=\"has-vivid-purple-color has-text-color\"><span class=\"ez-toc-section\" id=\"SYMPTOMES\"><\/span><strong>SYMPTOMES<\/strong><span class=\"ez-toc-section-end\"><\/span><\/h4>\n\n\n\n<p>Les principaux sympt\u00f4mes&nbsp;:<\/p>\n\n\n\n<ul><li>N<strong>ez bouch\u00e9, qui coule&nbsp;<\/strong>(s\u00e9cr\u00e9tions d&rsquo;abord claires puis progressivement \u00e9paisses, jaunes ou verd\u00e2tres en cas de surinfection par des bact\u00e9ries)<\/li><li><strong>\u00c9ternuements<\/strong>, avec une <strong>petite toux<\/strong> parfois associ\u00e9e<\/li><li><strong>\u00c9coulements des yeux<\/strong><\/li><li><strong>Difficult\u00e9s \u00e0 s&rsquo;alimenter&nbsp;<\/strong>(surtout pendant la t\u00e9t\u00e9e), avec <strong>perte d\u2019app\u00e9tit<\/strong><\/li><li><strong>Rarement une fi\u00e8vre<\/strong> (qui est plut\u00f4t le signe d&rsquo;une rhinopharyngite)<\/li><li><strong>Troubles de l\u2019humeur<\/strong> (b\u00e9b\u00e9 devient grognon et pleurnichard)<\/li><\/ul>\n\n\n\n<p>Des sympt\u00f4mes moins fr\u00e9quents peuvent tromper&nbsp;!<\/p>\n\n\n\n<ul><li><strong>Troubles digestifs<\/strong> (diarrh\u00e9es, vomissements)<\/li><\/ul>\n\n\n\n<h4 class=\"has-vivid-purple-color has-text-color\"><span class=\"ez-toc-section\" id=\"QUE_FAIRE\"><\/span><strong>QUE FAIRE?<\/strong><span class=\"ez-toc-section-end\"><\/span><\/h4>\n\n\n\n<p>Le rhume \u00e9tant caus\u00e9 par un virus, un <strong>traitement antibiotique<\/strong> est <strong>inutile<\/strong>, sauf en cas de surinfection bact\u00e9rienne.<\/p>\n\n\n\n<p>Le traitement est essentiellement symptomatique associ\u00e9 \u00e0 une bonne hygi\u00e8ne et des soins locaux (lavage du nez) :<\/p>\n\n\n\n<ul id=\"block-cba71840-a219-46b7-a89a-b402d0f8a552\"><li>En cas de fi\u00e8vre, donnez un antipyr\u00e9tique toutes les six heures (parac\u00e9tamol sirop ou suppositoire) et \u00e9viter de trop couvrir le b\u00e9b\u00e9.<\/li><li>Sur\u00e9levez la t\u00eate du b\u00e9b\u00e9 avec un oreiller&nbsp;plac\u00e9 sous son matelas, lorsqu\u2019il dort, pour l\u2019aider \u00e0 mieux respirer, et surtout \u00e9viter de le coucher sur le ventre.<\/li><li>L\u2019obstruction du nez pouvant g\u00eaner la t\u00e9t\u00e9e ou la prise du biberon,&nbsp;fractionnez les repas&nbsp;pour lui permettre de reprendre son souffle.<\/li><li>Maintenir une bonne hydratation.<\/li><\/ul>\n\n\n\n<h5 class=\"has-vivid-cyan-blue-color has-text-color\"><span class=\"ez-toc-section\" id=\"Le_lavage_du_nez_double_arme_therapeutique_contre_l%E2%80%99encombrement_et_la_surinfection\"><\/span><strong>Le lavage du nez<\/strong> : double arme th\u00e9rapeutique contre l\u2019encombrement et la surinfection<span class=\"ez-toc-section-end\"><\/span><\/h5>\n\n\n\n<div class=\"wp-block-group\"><div class=\"wp-block-group__inner-container\">\n<ul><li>Doit se faire avant chaque repas et avant le coucher.<\/li><li>Se fait avec des dosettes de s\u00e9rum physiologique \u00e0 usage unique.<\/li><li>Se laver les mains avant et apr\u00e8s chaque soin.<\/li><li>Allongez votre b\u00e9b\u00e9 sur le c\u00f4t\u00e9 et&nbsp;maintenez vraiment sa t\u00eate sur le c\u00f4t\u00e9 (Cela est tr\u00e8s important, pour \u00e9viter les risques de \u00ab\u00a0fausse route\u00a0\u00bb).<\/li><li>Placez doucement l\u2019embout de la dosette \u00e0 l\u2019entr\u00e9e de la narine oppos\u00e9e au c\u00f4t\u00e9 sur lequel il est couch\u00e9 (donc la narine situ\u00e9e le plus haut, par rapport \u00e0 la position de votre b\u00e9b\u00e9).<\/li><li>Introduisez enti\u00e8rement en jet dans la narine, le contenu de la dosette en appuyant dessus. En m\u00eame temps, fermez la bouche de votre b\u00e9b\u00e9, pour que le s\u00e9rum ressorte par l\u2019autre narine avec les s\u00e9cr\u00e9tions nasales.<\/li><li>Attendez que votre b\u00e9b\u00e9 ait d\u00e9gluti correctement et que les s\u00e9cr\u00e9tions du nez se soient bien \u00e9coul\u00e9es.<\/li><li>Essuyez son nez \u00e0 l&rsquo;aide d&rsquo;un mouchoir jetable.<\/li><li>Puis recommencez le m\u00eame sc\u00e9nario pour la deuxi\u00e8me narine en couchant le b\u00e9b\u00e9 maintenant sur le c\u00f4t\u00e9 oppos\u00e9.<\/li><\/ul>\n\n\n\n<h4 class=\"has-vivid-purple-color has-text-color\"><span class=\"ez-toc-section\" id=\"QUAND_CONSULTER_UN_MEDECIN\"><\/span>QUAND CONSULTER UN MEDECIN<span class=\"ez-toc-section-end\"><\/span><\/h4>\n<\/div><\/div>\n\n\n\n<p><strong>CONSULTEZ RAPIDEMENT UN MEDECIN EN CAS DE :<\/strong><\/p>\n\n\n\n<ul><li>Fi\u00e8vre persistante au-dessus de 38,5 \u00b0C et au-del\u00e0 de 03&nbsp;jours<\/li><li>Toux et respiration sifflante&nbsp;avec difficult\u00e9s respiratoires<\/li><li>Rhume accompagn\u00e9&nbsp;de diarrh\u00e9es et de vomissements<\/li><li>B\u00e9b\u00e9 faible et moins actif<\/li><\/ul>\n\n\n\n<p><strong><span class=\"has-inline-color has-vivid-red-color\">Mais dans tous les cas, ne pas h\u00e9siter \u00e0 consulter au moindre sympt\u00f4me inqui\u00e9tant.<\/span><\/strong><\/p>\n\n\n\n<h4 class=\"has-vivid-purple-color has-text-color\"><span class=\"ez-toc-section\" id=\"A_EVITER\"><\/span><strong>A EVITER<\/strong><span class=\"ez-toc-section-end\"><\/span><\/h4>\n\n\n\n<ul><li>Inutile de donner des antibiotiques, puisque le rhume est d\u2019origine virale. Ils ne seront utiles qu\u2019en cas de complications.<\/li><li>Ne pas donner d\u2019aspirine ou d\u2019ibuprof\u00e8ne sans avis m\u00e9dical.<\/li><li>Les sirops fluidifiants sont aujourd&rsquo;hui contre-indiqu\u00e9s chez l&rsquo;enfant de moins de 2 ans.<\/li><\/ul>\n\n\n\n<h4 class=\"has-vivid-purple-color has-text-color\"><span class=\"ez-toc-section\" id=\"COMPLICATIONS\"><\/span><strong>COMPLICATIONS<\/strong><span class=\"ez-toc-section-end\"><\/span><\/h4>\n\n\n\n<p><span class=\"has-inline-color has-vivid-red-color\"><strong>Devant toute complication, se rendre en urgence \u00e0 l\u2019h\u00f4pital&nbsp;!<\/strong><\/span><\/p>\n\n\n\n<p class=\"has-vivid-cyan-blue-color has-text-color\"><strong>Complications g\u00e9n\u00e9rales<\/strong><\/p>\n\n\n\n<ul><li><strong><em>Perte de poids et\/ou d\u00e9shydratation <\/em><\/strong>suite au manque d&rsquo;app\u00e9tit, vomissements, diarrh\u00e9es, et fi\u00e8vre.<\/li><li><strong><em>Convulsions<\/em><\/strong> (en cas de fortes fi\u00e8vres)<\/li><\/ul>\n\n\n\n<p class=\"has-vivid-cyan-blue-color has-text-color\"><strong>Complications li\u00e9es \u00e0 une surinfection bact\u00e9rienne<\/strong>&nbsp;<\/p>\n\n\n\n<ul><li><strong><em>Otite moyenne aigu\u00eb&nbsp;purulente<\/em><\/strong>:&nbsp;le<strong> <\/strong>b\u00e9b\u00e9 dort moins, se touche l\u2019oreille et devient irritable, avec une fi\u00e8vre qui persiste&nbsp;au-del\u00e0 de 3 ou 4 jours; parfois du liquide coule de l\u2019oreille (en cas de perforation du tympan).<\/li><li><strong><em>Conjonctivite aigu\u00eb purulente<\/em><\/strong>&nbsp;: Les&nbsp;yeux sont larmoyants, et coll\u00e9s par des s\u00e9cr\u00e9tions.<\/li><li><strong><em>Sinusite bact\u00e9rienne aigu\u00eb <\/em><\/strong>(ou ethmo\u00efdite)&nbsp;: rare avant 02 ans.<\/li><\/ul>\n\n\n\n<p><\/p>\n","protected":false},"excerpt":{"rendered":"<p>Le rhume est une infection b\u00e9nigne mais tr\u00e8s contagieuse&nbsp;des voies respiratoires sup\u00e9rieures (nez, bouche,&hellip;<\/p>\n","protected":false},"author":2,"featured_media":338,"comment_status":"closed","ping_status":"open","sticky":false,"template":"","format":"standard","meta":[],"categories":[39],"tags":[43,56,53,54,51,55,50,52],"yoast_head":"<!-- This site is optimized with the Yoast SEO plugin v18.4.1 - https:\/\/yoast.com\/wordpress\/plugins\/seo\/ -->\n<title>LE RHUME DU BEBE : NE PLUS PANIQUER ! - MonmedMag<\/title>\n<meta name=\"description\" content=\"Le rhume du b\u00e9b\u00e9 est une infection virale b\u00e9nigne et fr\u00e9quente des voies respiratoires sup\u00e9rieures. Le lavage du nez constitue une arme th\u00e9rapeutique incontournable pour \u00e9viter la surinfection.\" \/>\n<meta name=\"robots\" content=\"index, follow, max-snippet:-1, max-image-preview:large, max-video-preview:-1\" \/>\n<link rel=\"canonical\" href=\"https:\/\/monmedenligne.com\/Blog\/famille\/bebe\/le-rhume-du-bebe-ne-plus-paniquer\/\" \/>\n<meta property=\"og:locale\" content=\"fr_FR\" \/>\n<meta property=\"og:type\" content=\"article\" \/>\n<meta property=\"og:title\" content=\"LE RHUME DU BEBE : NE PLUS PANIQUER ! - MonmedMag\" \/>\n<meta property=\"og:description\" content=\"Le rhume du b\u00e9b\u00e9 est une infection virale b\u00e9nigne et fr\u00e9quente des voies respiratoires sup\u00e9rieures. Le lavage du nez constitue une arme th\u00e9rapeutique incontournable pour \u00e9viter la surinfection.\" \/>\n<meta property=\"og:url\" content=\"https:\/\/monmedenligne.com\/Blog\/famille\/bebe\/le-rhume-du-bebe-ne-plus-paniquer\/\" \/>\n<meta property=\"og:site_name\" content=\"MonmedMag\" \/>\n<meta property=\"article:publisher\" content=\"https:\/\/web.facebook.com\/MonMedEnligne\" \/>\n<meta property=\"article:published_time\" content=\"2021-04-22T13:49:19+00:00\" \/>\n<meta property=\"article:modified_time\" content=\"2021-05-03T18:37:46+00:00\" \/>\n<meta property=\"og:image\" content=\"https:\/\/monmedenligne.com\/Blog\/wp-content\/uploads\/2021\/04\/rhumeun.jpg\" \/>\n\t<meta property=\"og:image:width\" content=\"1200\" \/>\n\t<meta property=\"og:image:height\" content=\"600\" \/>\n\t<meta property=\"og:image:type\" content=\"image\/jpeg\" \/>\n<meta name=\"twitter:card\" content=\"summary_large_image\" \/>\n<meta name=\"twitter:creator\" content=\"@monmedenligne\" \/>\n<meta name=\"twitter:site\" content=\"@monmedenligne\" \/>\n<meta name=\"twitter:label1\" content=\"\u00c9crit par\" \/>\n\t<meta name=\"twitter:data1\" content=\"Dr L.Quenum\" \/>\n\t<meta name=\"twitter:label2\" content=\"Dur\u00e9e de lecture estim\u00e9e\" \/>\n\t<meta name=\"twitter:data2\" content=\"4 minutes\" \/>\n<script type=\"application\/ld+json\" class=\"yoast-schema-graph\">{\"@context\":\"https:\/\/schema.org\",\"@graph\":[{\"@type\":\"WebSite\",\"@id\":\"https:\/\/monmedenligne.com\/Blog\/#website\",\"url\":\"https:\/\/monmedenligne.com\/Blog\/\",\"name\":\"MonmedMag\",\"description\":\"La maladie tue, l&#039;ignorance aussi\",\"potentialAction\":[{\"@type\":\"SearchAction\",\"target\":{\"@type\":\"EntryPoint\",\"urlTemplate\":\"https:\/\/monmedenligne.com\/Blog\/?s={search_term_string}\"},\"query-input\":\"required name=search_term_string\"}],\"inLanguage\":\"fr-FR\"},{\"@type\":\"ImageObject\",\"@id\":\"https:\/\/monmedenligne.com\/Blog\/famille\/bebe\/le-rhume-du-bebe-ne-plus-paniquer\/#primaryimage\",\"inLanguage\":\"fr-FR\",\"url\":\"https:\/\/monmedenligne.com\/Blog\/wp-content\/uploads\/2021\/04\/rhumeun.jpg\",\"contentUrl\":\"https:\/\/monmedenligne.com\/Blog\/wp-content\/uploads\/2021\/04\/rhumeun.jpg\",\"width\":1200,\"height\":600},{\"@type\":\"WebPage\",\"@id\":\"https:\/\/monmedenligne.com\/Blog\/famille\/bebe\/le-rhume-du-bebe-ne-plus-paniquer\/#webpage\",\"url\":\"https:\/\/monmedenligne.com\/Blog\/famille\/bebe\/le-rhume-du-bebe-ne-plus-paniquer\/\",\"name\":\"LE RHUME DU BEBE : NE PLUS PANIQUER ! - MonmedMag\",\"isPartOf\":{\"@id\":\"https:\/\/monmedenligne.com\/Blog\/#website\"},\"primaryImageOfPage\":{\"@id\":\"https:\/\/monmedenligne.com\/Blog\/famille\/bebe\/le-rhume-du-bebe-ne-plus-paniquer\/#primaryimage\"},\"datePublished\":\"2021-04-22T13:49:19+00:00\",\"dateModified\":\"2021-05-03T18:37:46+00:00\",\"author\":{\"@id\":\"https:\/\/monmedenligne.com\/Blog\/#\/schema\/person\/b389785b33827165c13b50318b69ff69\"},\"description\":\"Le rhume du b\u00e9b\u00e9 est une infection virale b\u00e9nigne et fr\u00e9quente des voies respiratoires sup\u00e9rieures. Le lavage du nez constitue une arme th\u00e9rapeutique incontournable pour \u00e9viter la surinfection.\",\"breadcrumb\":{\"@id\":\"https:\/\/monmedenligne.com\/Blog\/famille\/bebe\/le-rhume-du-bebe-ne-plus-paniquer\/#breadcrumb\"},\"inLanguage\":\"fr-FR\",\"potentialAction\":[{\"@type\":\"ReadAction\",\"target\":[\"https:\/\/monmedenligne.com\/Blog\/famille\/bebe\/le-rhume-du-bebe-ne-plus-paniquer\/\"]}]},{\"@type\":\"BreadcrumbList\",\"@id\":\"https:\/\/monmedenligne.com\/Blog\/famille\/bebe\/le-rhume-du-bebe-ne-plus-paniquer\/#breadcrumb\",\"itemListElement\":[{\"@type\":\"ListItem\",\"position\":1,\"name\":\"Accueil\",\"item\":\"https:\/\/monmedenligne.com\/Blog\/\"},{\"@type\":\"ListItem\",\"position\":2,\"name\":\"LE RHUME DU BEBE : NE PLUS PANIQUER !\"}]},{\"@type\":\"Person\",\"@id\":\"https:\/\/monmedenligne.com\/Blog\/#\/schema\/person\/b389785b33827165c13b50318b69ff69\",\"name\":\"Dr L.Quenum\",\"image\":{\"@type\":\"ImageObject\",\"@id\":\"https:\/\/monmedenligne.com\/Blog\/#personlogo\",\"inLanguage\":\"fr-FR\",\"url\":\"https:\/\/secure.gravatar.com\/avatar\/36207a182cf8efeb35eb55d1cb5cd54a?s=96&d=mm&r=g\",\"contentUrl\":\"https:\/\/secure.gravatar.com\/avatar\/36207a182cf8efeb35eb55d1cb5cd54a?s=96&d=mm&r=g\",\"caption\":\"Dr L.Quenum\"},\"url\":\"https:\/\/monmedenligne.com\/Blog\/author\/laurice-quenum\/\"}]}<\/script>\n<!-- \/ Yoast SEO plugin. -->","yoast_head_json":{"title":"LE RHUME DU BEBE : NE PLUS PANIQUER ! - MonmedMag","description":"Le rhume du b\u00e9b\u00e9 est une infection virale b\u00e9nigne et fr\u00e9quente des voies respiratoires sup\u00e9rieures. Le lavage du nez constitue une arme th\u00e9rapeutique incontournable pour \u00e9viter la surinfection.","robots":{"index":"index","follow":"follow","max-snippet":"max-snippet:-1","max-image-preview":"max-image-preview:large","max-video-preview":"max-video-preview:-1"},"canonical":"https:\/\/monmedenligne.com\/Blog\/famille\/bebe\/le-rhume-du-bebe-ne-plus-paniquer\/","og_locale":"fr_FR","og_type":"article","og_title":"LE RHUME DU BEBE : NE PLUS PANIQUER ! - MonmedMag","og_description":"Le rhume du b\u00e9b\u00e9 est une infection virale b\u00e9nigne et fr\u00e9quente des voies respiratoires sup\u00e9rieures. Le lavage du nez constitue une arme th\u00e9rapeutique incontournable pour \u00e9viter la surinfection.","og_url":"https:\/\/monmedenligne.com\/Blog\/famille\/bebe\/le-rhume-du-bebe-ne-plus-paniquer\/","og_site_name":"MonmedMag","article_publisher":"https:\/\/web.facebook.com\/MonMedEnligne","article_published_time":"2021-04-22T13:49:19+00:00","article_modified_time":"2021-05-03T18:37:46+00:00","og_image":[{"width":1200,"height":600,"url":"https:\/\/monmedenligne.com\/Blog\/wp-content\/uploads\/2021\/04\/rhumeun.jpg","type":"image\/jpeg"}],"twitter_card":"summary_large_image","twitter_creator":"@monmedenligne","twitter_site":"@monmedenligne","twitter_misc":{"\u00c9crit par":"Dr L.Quenum","Dur\u00e9e de lecture estim\u00e9e":"4 minutes"},"schema":{"@context":"https:\/\/schema.org","@graph":[{"@type":"WebSite","@id":"https:\/\/monmedenligne.com\/Blog\/#website","url":"https:\/\/monmedenligne.com\/Blog\/","name":"MonmedMag","description":"La maladie tue, l&#039;ignorance aussi","potentialAction":[{"@type":"SearchAction","target":{"@type":"EntryPoint","urlTemplate":"https:\/\/monmedenligne.com\/Blog\/?s={search_term_string}"},"query-input":"required name=search_term_string"}],"inLanguage":"fr-FR"},{"@type":"ImageObject","@id":"https:\/\/monmedenligne.com\/Blog\/famille\/bebe\/le-rhume-du-bebe-ne-plus-paniquer\/#primaryimage","inLanguage":"fr-FR","url":"https:\/\/monmedenligne.com\/Blog\/wp-content\/uploads\/2021\/04\/rhumeun.jpg","contentUrl":"https:\/\/monmedenligne.com\/Blog\/wp-content\/uploads\/2021\/04\/rhumeun.jpg","width":1200,"height":600},{"@type":"WebPage","@id":"https:\/\/monmedenligne.com\/Blog\/famille\/bebe\/le-rhume-du-bebe-ne-plus-paniquer\/#webpage","url":"https:\/\/monmedenligne.com\/Blog\/famille\/bebe\/le-rhume-du-bebe-ne-plus-paniquer\/","name":"LE RHUME DU BEBE : NE PLUS PANIQUER ! - MonmedMag","isPartOf":{"@id":"https:\/\/monmedenligne.com\/Blog\/#website"},"primaryImageOfPage":{"@id":"https:\/\/monmedenligne.com\/Blog\/famille\/bebe\/le-rhume-du-bebe-ne-plus-paniquer\/#primaryimage"},"datePublished":"2021-04-22T13:49:19+00:00","dateModified":"2021-05-03T18:37:46+00:00","author":{"@id":"https:\/\/monmedenligne.com\/Blog\/#\/schema\/person\/b389785b33827165c13b50318b69ff69"},"description":"Le rhume du b\u00e9b\u00e9 est une infection virale b\u00e9nigne et fr\u00e9quente des voies respiratoires sup\u00e9rieures. Le lavage du nez constitue une arme th\u00e9rapeutique incontournable pour \u00e9viter la surinfection.","breadcrumb":{"@id":"https:\/\/monmedenligne.com\/Blog\/famille\/bebe\/le-rhume-du-bebe-ne-plus-paniquer\/#breadcrumb"},"inLanguage":"fr-FR","potentialAction":[{"@type":"ReadAction","target":["https:\/\/monmedenligne.com\/Blog\/famille\/bebe\/le-rhume-du-bebe-ne-plus-paniquer\/"]}]},{"@type":"BreadcrumbList","@id":"https:\/\/monmedenligne.com\/Blog\/famille\/bebe\/le-rhume-du-bebe-ne-plus-paniquer\/#breadcrumb","itemListElement":[{"@type":"ListItem","position":1,"name":"Accueil","item":"https:\/\/monmedenligne.com\/Blog\/"},{"@type":"ListItem","position":2,"name":"LE RHUME DU BEBE : NE PLUS PANIQUER !"}]},{"@type":"Person","@id":"https:\/\/monmedenligne.com\/Blog\/#\/schema\/person\/b389785b33827165c13b50318b69ff69","name":"Dr L.Quenum","image":{"@type":"ImageObject","@id":"https:\/\/monmedenligne.com\/Blog\/#personlogo","inLanguage":"fr-FR","url":"https:\/\/secure.gravatar.com\/avatar\/36207a182cf8efeb35eb55d1cb5cd54a?s=96&d=mm&r=g","contentUrl":"https:\/\/secure.gravatar.com\/avatar\/36207a182cf8efeb35eb55d1cb5cd54a?s=96&d=mm&r=g","caption":"Dr L.Quenum"},"url":"https:\/\/monmedenligne.com\/Blog\/author\/laurice-quenum\/"}]}},"_links":{"self":[{"href":"https:\/\/monmedenligne.com\/Blog\/wp-json\/wp\/v2\/posts\/336"}],"collection":[{"href":"https:\/\/monmedenligne.com\/Blog\/wp-json\/wp\/v2\/posts"}],"about":[{"href":"https:\/\/monmedenligne.com\/Blog\/wp-json\/wp\/v2\/types\/post"}],"author":[{"embeddable":true,"href":"https:\/\/monmedenligne.com\/Blog\/wp-json\/wp\/v2\/users\/2"}],"replies":[{"embeddable":true,"href":"https:\/\/monmedenligne.com\/Blog\/wp-json\/wp\/v2\/comments?post=336"}],"version-history":[{"count":4,"href":"https:\/\/monmedenligne.com\/Blog\/wp-json\/wp\/v2\/posts\/336\/revisions"}],"predecessor-version":[{"id":350,"href":"https:\/\/monmedenligne.com\/Blog\/wp-json\/wp\/v2\/posts\/336\/revisions\/350"}],"wp:featuredmedia":[{"embeddable":true,"href":"https:\/\/monmedenligne.com\/Blog\/wp-json\/wp\/v2\/media\/338"}],"wp:attachment":[{"href":"https:\/\/monmedenligne.com\/Blog\/wp-json\/wp\/v2\/media?parent=336"}],"wp:term":[{"taxonomy":"category","embeddable":true,"href":"https:\/\/monmedenligne.com\/Blog\/wp-json\/wp\/v2\/categories?post=336"},{"taxonomy":"post_tag","embeddable":true,"href":"https:\/\/monmedenligne.com\/Blog\/wp-json\/wp\/v2\/tags?post=336"}],"curies":[{"name":"wp","href":"https:\/\/api.w.org\/{rel}","templated":true}]}}