{"id":592,"date":"2022-01-17T21:24:09","date_gmt":"2022-01-17T21:24:09","guid":{"rendered":"https:\/\/monmedenligne.com\/Blog\/?p=592"},"modified":"2022-01-17T21:24:13","modified_gmt":"2022-01-17T21:24:13","slug":"periode-dharmattan-entre-grippe-covid-19-ou-fusion-a-quel-saint-faut-il-se-vouer","status":"publish","type":"post","link":"https:\/\/monmedenligne.com\/Blog\/sante\/periode-dharmattan-entre-grippe-covid-19-ou-fusion-a-quel-saint-faut-il-se-vouer\/","title":{"rendered":"PERIODE D&rsquo;HARMATTAN : ENTRE GRIPPE, COVID-19 OU FUSION&#8230;A QUEL SAINT FAUT-IL SE VOUER!!"},"content":{"rendered":"\n<p class=\"has-medium-font-size\">Le Coronavirus n&rsquo;est plus \u00e0 pr\u00e9senter ; depuis bient\u00f4t trois ann\u00e9es que ce virus nous fait voir de toutes les couleurs et encore n&rsquo;a-t-il pas termin\u00e9. De nouveaux variants \u00e0 chaque saison, de mutations en mutations : il change, s&rsquo;adapte et devient plus agressif.<br>A cela s&rsquo;ajoute actuellement l&rsquo;harmattan,\u00a0un vent du nord-est,\u00a0en provenance du\u00a0Sahara. Il\u00a0souffle vers le sud-ouest et affecte l&rsquo;Afrique centrale\u00a0et\u00a0de l&rsquo;Ouest,\u00a0entre la fin novembre et le milieu du mois de mars.\u00a0C&rsquo;est un vent tr\u00e8s chaud le jour, plus froid la nuit, tr\u00e8s sec et charg\u00e9 de poussi\u00e8re.\u00a0Cette p\u00e9riode vient donc \u00e9galement avec sa dose d&rsquo;agents pathog\u00e8nes avec la prolif\u00e9ration de plusieurs maladies : notamment la grippe.<\/p>\n\n\n\n<p class=\"has-black-color has-text-color has-medium-font-size\">\u00c0 quel Saint se vouer donc en cette p\u00e9riode!!!<\/p>\n\n\n\n<p class=\"has-medium-font-size\"> Aux mesures pr\u00e9ventives tout simplement!!!<\/p>\n\n\n\n<p class=\"has-medium-font-size\"> Les mesures pr\u00e9ventives ne prot\u00e8gent pas seulement de la Covid-19 mais de plusieurs autres maladies virales dont la grippe. Ces deux maladies ont souvent des signes semblables. Cependant statistiquement, en cas de Covid-19, on voit plut\u00f4t appara\u00eetre la fi\u00e8vre avant la toux ; pour la grippe, c&rsquo;est l&rsquo;inverse. Aussi le Coronavirus s&rsquo;accompagne d&rsquo;agueusie (perte\u00a0de go\u00fbt) et\/ou d\u2019anosmie (perte\u00a0d&rsquo;odorat). Le meilleur moyen de faire cependant la part des choses, est de faire un test de d\u00e9tection du Coronavirus recommand\u00e9 et fiable.<br>Notons toutefois que, pour mieux se prot\u00e9ger contre la Covid-19, la vaccination se pr\u00e9sente actuellement comme une mesure sage qui a fait ses preuves surtout vis \u00e0 vis des formes graves, \u00e0 l&rsquo;origine des hospitalisations car elle emp\u00eache d&rsquo;en arriver l\u00e0.<\/p>\n\n\n\n<p class=\"has-black-color has-text-color has-medium-font-size\">Que ce soit une grippe saisonni\u00e8re comme celle de l&rsquo;harmattan ou la Covid-19, quelques comportements sont valables et utiles pour les personnes atteintes et pour tous d&rsquo;ailleurs. Il s&rsquo;agit notamment :<\/p>\n\n\n\n<ul class=\"has-medium-font-size\"><li>De la suppl\u00e9mentation en vitamine C et en zinc, substances qui aident l&rsquo;organisme \u00e0 se d\u00e9fendre contre les infections.<\/li><li>Du port de masque : il est tr\u00e8s utile en p\u00e9riode d&rsquo;harmattan car le masque constitue \u00e9galement une barri\u00e8re pour la poussi\u00e8re et pour les microbes v\u00e9hicul\u00e9s par la vent sec qui souffle.<\/li><li>D&rsquo;une bonne hygi\u00e8ne des narines avec le s\u00e9rum physiologique (surtout chez les enfants), ne serait-ce qu&rsquo;une fois par jour, les soirs par exemple afin de se d\u00e9barrasser des agents pathog\u00e8nes inhal\u00e9s au cours de la journ\u00e9e.<\/li><li>Aussi d&rsquo;une hydratation r\u00e9guli\u00e8re au cours de la journ\u00e9e pour favoriser le nettoyage et l&rsquo;humidification de la gorge et pr\u00e9venir ainsi une toux. L&rsquo;utilisation des pastilles antiseptiques sont \u00e9galement d&rsquo;une grande efficacit\u00e9.<\/li><\/ul>\n\n\n\n<p class=\"has-medium-font-size\">Tous ces conseils appliqu\u00e9s en cette p\u00e9riode seront un grand atout pour la surmonter. Et m\u00eame apr\u00e8s la p\u00e9riode de l&rsquo;harmattan, plusieurs de ces mesures demeurent valables et tr\u00e8s utiles contre le Coronavirus et d&rsquo;autres maladies.<\/p>\n","protected":false},"excerpt":{"rendered":"<p>Le Coronavirus n&rsquo;est plus \u00e0 pr\u00e9senter ; depuis bient\u00f4t trois ann\u00e9es que ce virus&hellip;<\/p>\n","protected":false},"author":3,"featured_media":594,"comment_status":"closed","ping_status":"open","sticky":false,"template":"","format":"standard","meta":[],"categories":[37,4],"tags":[176,175,174,66],"yoast_head":"<!-- This site is optimized with the Yoast SEO plugin v18.4.1 - https:\/\/yoast.com\/wordpress\/plugins\/seo\/ -->\n<title>PERIODE D&#039;HARMATTAN : ENTRE GRIPPE, COVID-19 OU FUSION...A QUEL SAINT FAUT-IL SE VOUER!! - MonmedMag<\/title>\n<meta name=\"robots\" content=\"index, follow, max-snippet:-1, max-image-preview:large, max-video-preview:-1\" \/>\n<link rel=\"canonical\" href=\"https:\/\/monmedenligne.com\/Blog\/sante\/periode-dharmattan-entre-grippe-covid-19-ou-fusion-a-quel-saint-faut-il-se-vouer\/\" \/>\n<meta property=\"og:locale\" content=\"fr_FR\" \/>\n<meta property=\"og:type\" content=\"article\" \/>\n<meta property=\"og:title\" content=\"PERIODE D&#039;HARMATTAN : ENTRE GRIPPE, COVID-19 OU FUSION...A QUEL SAINT FAUT-IL SE VOUER!! - MonmedMag\" \/>\n<meta property=\"og:description\" content=\"Le Coronavirus n&rsquo;est plus \u00e0 pr\u00e9senter ; depuis bient\u00f4t trois ann\u00e9es que ce virus&hellip;\" \/>\n<meta property=\"og:url\" content=\"https:\/\/monmedenligne.com\/Blog\/sante\/periode-dharmattan-entre-grippe-covid-19-ou-fusion-a-quel-saint-faut-il-se-vouer\/\" \/>\n<meta property=\"og:site_name\" content=\"MonmedMag\" \/>\n<meta property=\"article:publisher\" content=\"https:\/\/web.facebook.com\/MonMedEnligne\" \/>\n<meta property=\"article:published_time\" content=\"2022-01-17T21:24:09+00:00\" \/>\n<meta property=\"article:modified_time\" content=\"2022-01-17T21:24:13+00:00\" \/>\n<meta property=\"og:image\" content=\"https:\/\/monmedenligne.com\/Blog\/wp-content\/uploads\/2022\/01\/hamattan.jpg\" \/>\n\t<meta property=\"og:image:width\" content=\"830\" \/>\n\t<meta property=\"og:image:height\" content=\"415\" \/>\n\t<meta property=\"og:image:type\" content=\"image\/jpeg\" \/>\n<meta name=\"twitter:card\" content=\"summary_large_image\" \/>\n<meta name=\"twitter:creator\" content=\"@monmedenligne\" \/>\n<meta name=\"twitter:site\" content=\"@monmedenligne\" \/>\n<meta name=\"twitter:label1\" content=\"\u00c9crit par\" \/>\n\t<meta name=\"twitter:data1\" content=\"Ornella Sabi\" \/>\n\t<meta name=\"twitter:label2\" content=\"Dur\u00e9e de lecture estim\u00e9e\" \/>\n\t<meta name=\"twitter:data2\" content=\"3 minutes\" \/>\n<script type=\"application\/ld+json\" class=\"yoast-schema-graph\">{\"@context\":\"https:\/\/schema.org\",\"@graph\":[{\"@type\":\"WebSite\",\"@id\":\"https:\/\/monmedenligne.com\/Blog\/#website\",\"url\":\"https:\/\/monmedenligne.com\/Blog\/\",\"name\":\"MonmedMag\",\"description\":\"La maladie tue, l&#039;ignorance aussi\",\"potentialAction\":[{\"@type\":\"SearchAction\",\"target\":{\"@type\":\"EntryPoint\",\"urlTemplate\":\"https:\/\/monmedenligne.com\/Blog\/?s={search_term_string}\"},\"query-input\":\"required name=search_term_string\"}],\"inLanguage\":\"fr-FR\"},{\"@type\":\"ImageObject\",\"@id\":\"https:\/\/monmedenligne.com\/Blog\/sante\/periode-dharmattan-entre-grippe-covid-19-ou-fusion-a-quel-saint-faut-il-se-vouer\/#primaryimage\",\"inLanguage\":\"fr-FR\",\"url\":\"https:\/\/monmedenligne.com\/Blog\/wp-content\/uploads\/2022\/01\/hamattan.jpg\",\"contentUrl\":\"https:\/\/monmedenligne.com\/Blog\/wp-content\/uploads\/2022\/01\/hamattan.jpg\",\"width\":830,\"height\":415},{\"@type\":\"WebPage\",\"@id\":\"https:\/\/monmedenligne.com\/Blog\/sante\/periode-dharmattan-entre-grippe-covid-19-ou-fusion-a-quel-saint-faut-il-se-vouer\/#webpage\",\"url\":\"https:\/\/monmedenligne.com\/Blog\/sante\/periode-dharmattan-entre-grippe-covid-19-ou-fusion-a-quel-saint-faut-il-se-vouer\/\",\"name\":\"PERIODE D'HARMATTAN : ENTRE GRIPPE, COVID-19 OU FUSION...A QUEL SAINT FAUT-IL SE VOUER!! - MonmedMag\",\"isPartOf\":{\"@id\":\"https:\/\/monmedenligne.com\/Blog\/#website\"},\"primaryImageOfPage\":{\"@id\":\"https:\/\/monmedenligne.com\/Blog\/sante\/periode-dharmattan-entre-grippe-covid-19-ou-fusion-a-quel-saint-faut-il-se-vouer\/#primaryimage\"},\"datePublished\":\"2022-01-17T21:24:09+00:00\",\"dateModified\":\"2022-01-17T21:24:13+00:00\",\"author\":{\"@id\":\"https:\/\/monmedenligne.com\/Blog\/#\/schema\/person\/92ceb3a929386accacd02e187da53cf4\"},\"breadcrumb\":{\"@id\":\"https:\/\/monmedenligne.com\/Blog\/sante\/periode-dharmattan-entre-grippe-covid-19-ou-fusion-a-quel-saint-faut-il-se-vouer\/#breadcrumb\"},\"inLanguage\":\"fr-FR\",\"potentialAction\":[{\"@type\":\"ReadAction\",\"target\":[\"https:\/\/monmedenligne.com\/Blog\/sante\/periode-dharmattan-entre-grippe-covid-19-ou-fusion-a-quel-saint-faut-il-se-vouer\/\"]}]},{\"@type\":\"BreadcrumbList\",\"@id\":\"https:\/\/monmedenligne.com\/Blog\/sante\/periode-dharmattan-entre-grippe-covid-19-ou-fusion-a-quel-saint-faut-il-se-vouer\/#breadcrumb\",\"itemListElement\":[{\"@type\":\"ListItem\",\"position\":1,\"name\":\"Accueil\",\"item\":\"https:\/\/monmedenligne.com\/Blog\/\"},{\"@type\":\"ListItem\",\"position\":2,\"name\":\"PERIODE D&rsquo;HARMATTAN : ENTRE GRIPPE, COVID-19 OU FUSION&#8230;A QUEL SAINT FAUT-IL SE VOUER!!\"}]},{\"@type\":\"Person\",\"@id\":\"https:\/\/monmedenligne.com\/Blog\/#\/schema\/person\/92ceb3a929386accacd02e187da53cf4\",\"name\":\"Ornella Sabi\",\"image\":{\"@type\":\"ImageObject\",\"@id\":\"https:\/\/monmedenligne.com\/Blog\/#personlogo\",\"inLanguage\":\"fr-FR\",\"url\":\"https:\/\/secure.gravatar.com\/avatar\/f868c057a0fc76b58b49cba8b25eefec?s=96&d=mm&r=g\",\"contentUrl\":\"https:\/\/secure.gravatar.com\/avatar\/f868c057a0fc76b58b49cba8b25eefec?s=96&d=mm&r=g\",\"caption\":\"Ornella Sabi\"},\"url\":\"https:\/\/monmedenligne.com\/Blog\/author\/sabi\/\"}]}<\/script>\n<!-- \/ Yoast SEO plugin. -->","yoast_head_json":{"title":"PERIODE D'HARMATTAN : ENTRE GRIPPE, COVID-19 OU FUSION...A QUEL SAINT FAUT-IL SE VOUER!! - MonmedMag","robots":{"index":"index","follow":"follow","max-snippet":"max-snippet:-1","max-image-preview":"max-image-preview:large","max-video-preview":"max-video-preview:-1"},"canonical":"https:\/\/monmedenligne.com\/Blog\/sante\/periode-dharmattan-entre-grippe-covid-19-ou-fusion-a-quel-saint-faut-il-se-vouer\/","og_locale":"fr_FR","og_type":"article","og_title":"PERIODE D'HARMATTAN : ENTRE GRIPPE, COVID-19 OU FUSION...A QUEL SAINT FAUT-IL SE VOUER!! - MonmedMag","og_description":"Le Coronavirus n&rsquo;est plus \u00e0 pr\u00e9senter ; depuis bient\u00f4t trois ann\u00e9es que ce virus&hellip;","og_url":"https:\/\/monmedenligne.com\/Blog\/sante\/periode-dharmattan-entre-grippe-covid-19-ou-fusion-a-quel-saint-faut-il-se-vouer\/","og_site_name":"MonmedMag","article_publisher":"https:\/\/web.facebook.com\/MonMedEnligne","article_published_time":"2022-01-17T21:24:09+00:00","article_modified_time":"2022-01-17T21:24:13+00:00","og_image":[{"width":830,"height":415,"url":"https:\/\/monmedenligne.com\/Blog\/wp-content\/uploads\/2022\/01\/hamattan.jpg","type":"image\/jpeg"}],"twitter_card":"summary_large_image","twitter_creator":"@monmedenligne","twitter_site":"@monmedenligne","twitter_misc":{"\u00c9crit par":"Ornella Sabi","Dur\u00e9e de lecture estim\u00e9e":"3 minutes"},"schema":{"@context":"https:\/\/schema.org","@graph":[{"@type":"WebSite","@id":"https:\/\/monmedenligne.com\/Blog\/#website","url":"https:\/\/monmedenligne.com\/Blog\/","name":"MonmedMag","description":"La maladie tue, l&#039;ignorance aussi","potentialAction":[{"@type":"SearchAction","target":{"@type":"EntryPoint","urlTemplate":"https:\/\/monmedenligne.com\/Blog\/?s={search_term_string}"},"query-input":"required name=search_term_string"}],"inLanguage":"fr-FR"},{"@type":"ImageObject","@id":"https:\/\/monmedenligne.com\/Blog\/sante\/periode-dharmattan-entre-grippe-covid-19-ou-fusion-a-quel-saint-faut-il-se-vouer\/#primaryimage","inLanguage":"fr-FR","url":"https:\/\/monmedenligne.com\/Blog\/wp-content\/uploads\/2022\/01\/hamattan.jpg","contentUrl":"https:\/\/monmedenligne.com\/Blog\/wp-content\/uploads\/2022\/01\/hamattan.jpg","width":830,"height":415},{"@type":"WebPage","@id":"https:\/\/monmedenligne.com\/Blog\/sante\/periode-dharmattan-entre-grippe-covid-19-ou-fusion-a-quel-saint-faut-il-se-vouer\/#webpage","url":"https:\/\/monmedenligne.com\/Blog\/sante\/periode-dharmattan-entre-grippe-covid-19-ou-fusion-a-quel-saint-faut-il-se-vouer\/","name":"PERIODE D'HARMATTAN : ENTRE GRIPPE, COVID-19 OU FUSION...A QUEL SAINT FAUT-IL SE VOUER!! - MonmedMag","isPartOf":{"@id":"https:\/\/monmedenligne.com\/Blog\/#website"},"primaryImageOfPage":{"@id":"https:\/\/monmedenligne.com\/Blog\/sante\/periode-dharmattan-entre-grippe-covid-19-ou-fusion-a-quel-saint-faut-il-se-vouer\/#primaryimage"},"datePublished":"2022-01-17T21:24:09+00:00","dateModified":"2022-01-17T21:24:13+00:00","author":{"@id":"https:\/\/monmedenligne.com\/Blog\/#\/schema\/person\/92ceb3a929386accacd02e187da53cf4"},"breadcrumb":{"@id":"https:\/\/monmedenligne.com\/Blog\/sante\/periode-dharmattan-entre-grippe-covid-19-ou-fusion-a-quel-saint-faut-il-se-vouer\/#breadcrumb"},"inLanguage":"fr-FR","potentialAction":[{"@type":"ReadAction","target":["https:\/\/monmedenligne.com\/Blog\/sante\/periode-dharmattan-entre-grippe-covid-19-ou-fusion-a-quel-saint-faut-il-se-vouer\/"]}]},{"@type":"BreadcrumbList","@id":"https:\/\/monmedenligne.com\/Blog\/sante\/periode-dharmattan-entre-grippe-covid-19-ou-fusion-a-quel-saint-faut-il-se-vouer\/#breadcrumb","itemListElement":[{"@type":"ListItem","position":1,"name":"Accueil","item":"https:\/\/monmedenligne.com\/Blog\/"},{"@type":"ListItem","position":2,"name":"PERIODE D&rsquo;HARMATTAN : ENTRE GRIPPE, COVID-19 OU FUSION&#8230;A QUEL SAINT FAUT-IL SE VOUER!!"}]},{"@type":"Person","@id":"https:\/\/monmedenligne.com\/Blog\/#\/schema\/person\/92ceb3a929386accacd02e187da53cf4","name":"Ornella Sabi","image":{"@type":"ImageObject","@id":"https:\/\/monmedenligne.com\/Blog\/#personlogo","inLanguage":"fr-FR","url":"https:\/\/secure.gravatar.com\/avatar\/f868c057a0fc76b58b49cba8b25eefec?s=96&d=mm&r=g","contentUrl":"https:\/\/secure.gravatar.com\/avatar\/f868c057a0fc76b58b49cba8b25eefec?s=96&d=mm&r=g","caption":"Ornella Sabi"},"url":"https:\/\/monmedenligne.com\/Blog\/author\/sabi\/"}]}},"_links":{"self":[{"href":"https:\/\/monmedenligne.com\/Blog\/wp-json\/wp\/v2\/posts\/592"}],"collection":[{"href":"https:\/\/monmedenligne.com\/Blog\/wp-json\/wp\/v2\/posts"}],"about":[{"href":"https:\/\/monmedenligne.com\/Blog\/wp-json\/wp\/v2\/types\/post"}],"author":[{"embeddable":true,"href":"https:\/\/monmedenligne.com\/Blog\/wp-json\/wp\/v2\/users\/3"}],"replies":[{"embeddable":true,"href":"https:\/\/monmedenligne.com\/Blog\/wp-json\/wp\/v2\/comments?post=592"}],"version-history":[{"count":2,"href":"https:\/\/monmedenligne.com\/Blog\/wp-json\/wp\/v2\/posts\/592\/revisions"}],"predecessor-version":[{"id":595,"href":"https:\/\/monmedenligne.com\/Blog\/wp-json\/wp\/v2\/posts\/592\/revisions\/595"}],"wp:featuredmedia":[{"embeddable":true,"href":"https:\/\/monmedenligne.com\/Blog\/wp-json\/wp\/v2\/media\/594"}],"wp:attachment":[{"href":"https:\/\/monmedenligne.com\/Blog\/wp-json\/wp\/v2\/media?parent=592"}],"wp:term":[{"taxonomy":"category","embeddable":true,"href":"https:\/\/monmedenligne.com\/Blog\/wp-json\/wp\/v2\/categories?post=592"},{"taxonomy":"post_tag","embeddable":true,"href":"https:\/\/monmedenligne.com\/Blog\/wp-json\/wp\/v2\/tags?post=592"}],"curies":[{"name":"wp","href":"https:\/\/api.w.org\/{rel}","templated":true}]}}