{"id":614,"date":"2022-03-21T11:02:40","date_gmt":"2022-03-21T11:02:40","guid":{"rendered":"https:\/\/monmedenligne.com\/Blog\/?p=614"},"modified":"2022-03-21T11:10:29","modified_gmt":"2022-03-21T11:10:29","slug":"deni-de-grossesse-mythe-ou-realite","status":"publish","type":"post","link":"https:\/\/monmedenligne.com\/Blog\/bien-etre\/psycho\/deni-de-grossesse-mythe-ou-realite\/","title":{"rendered":"D\u00c9NI DE GROSSESSE : MYTHE OU R\u00c9ALIT\u00c9 ?"},"content":{"rendered":"\n<div id=\"ez-toc-container\" class=\"ez-toc-v2_0_55 counter-hierarchy ez-toc-counter ez-toc-grey ez-toc-container-direction\">\n<div class=\"ez-toc-title-container\">\n<p class=\"ez-toc-title \" >Sommaire <\/p>\n<span class=\"ez-toc-title-toggle\"><a href=\"#\" class=\"ez-toc-pull-right ez-toc-btn ez-toc-btn-xs ez-toc-btn-default ez-toc-toggle\" aria-label=\"Toggle Table of Content\" role=\"button\"><label for=\"item-69f4f6201dc30\" ><span class=\"\"><span style=\"display:none;\">Toggle<\/span><span class=\"ez-toc-icon-toggle-span\"><svg style=\"fill: #999;color:#999\" xmlns=\"http:\/\/www.w3.org\/2000\/svg\" class=\"list-377408\" width=\"20px\" height=\"20px\" viewBox=\"0 0 24 24\" fill=\"none\"><path d=\"M6 6H4v2h2V6zm14 0H8v2h12V6zM4 11h2v2H4v-2zm16 0H8v2h12v-2zM4 16h2v2H4v-2zm16 0H8v2h12v-2z\" fill=\"currentColor\"><\/path><\/svg><svg style=\"fill: #999;color:#999\" class=\"arrow-unsorted-368013\" xmlns=\"http:\/\/www.w3.org\/2000\/svg\" width=\"10px\" height=\"10px\" viewBox=\"0 0 24 24\" version=\"1.2\" baseProfile=\"tiny\"><path d=\"M18.2 9.3l-6.2-6.3-6.2 6.3c-.2.2-.3.4-.3.7s.1.5.3.7c.2.2.4.3.7.3h11c.3 0 .5-.1.7-.3.2-.2.3-.5.3-.7s-.1-.5-.3-.7zM5.8 14.7l6.2 6.3 6.2-6.3c.2-.2.3-.5.3-.7s-.1-.5-.3-.7c-.2-.2-.4-.3-.7-.3h-11c-.3 0-.5.1-.7.3-.2.2-.3.5-.3.7s.1.5.3.7z\"\/><\/svg><\/span><\/span><\/label><input aria-label=\"Toggle\" aria-label=\"item-69f4f6201dc30\"  type=\"checkbox\" id=\"item-69f4f6201dc30\"><\/a><\/span><\/div>\n<nav><ul class='ez-toc-list ez-toc-list-level-1 ' ><li class='ez-toc-page-1 ez-toc-heading-level-2'><a class=\"ez-toc-link ez-toc-heading-1\" href=\"https:\/\/monmedenligne.com\/Blog\/bien-etre\/psycho\/deni-de-grossesse-mythe-ou-realite\/#LE_DENI_DE_GROSSESSE_QU%E2%80%99EST-CE_QUE_C%E2%80%99EST%E2%80%89\" title=\"LE D\u00c9NI DE GROSSESSE: QU&rsquo;EST-CE QUE C&rsquo;EST\u2009?\">LE D\u00c9NI DE GROSSESSE: QU&rsquo;EST-CE QUE C&rsquo;EST\u2009?<\/a><\/li><li class='ez-toc-page-1 ez-toc-heading-level-2'><a class=\"ez-toc-link ez-toc-heading-2\" href=\"https:\/\/monmedenligne.com\/Blog\/bien-etre\/psycho\/deni-de-grossesse-mythe-ou-realite\/#LES_CAUSES_DU_DENI_DE_GROSSESSE\" title=\"LES CAUSES DU D\u00c9NI DE GROSSESSE\">LES CAUSES DU D\u00c9NI DE GROSSESSE<\/a><\/li><li class='ez-toc-page-1 ez-toc-heading-level-2'><a class=\"ez-toc-link ez-toc-heading-3\" href=\"https:\/\/monmedenligne.com\/Blog\/bien-etre\/psycho\/deni-de-grossesse-mythe-ou-realite\/#QUI_SONT_CONCERNEES_PAR_UN_DENI_DE_GROSSESSE\" title=\"QUI SONT CONCERNEES PAR UN D\u00c9NI DE GROSSESSE?\">QUI SONT CONCERNEES PAR UN D\u00c9NI DE GROSSESSE?<\/a><\/li><li class='ez-toc-page-1 ez-toc-heading-level-2'><a class=\"ez-toc-link ez-toc-heading-4\" href=\"https:\/\/monmedenligne.com\/Blog\/bien-etre\/psycho\/deni-de-grossesse-mythe-ou-realite\/#DENI_DE_GROSSESSE_EXISTE-T-IL_DES_SIGNES_DE_GROSSESSE\" title=\"D\u00c9NI DE GROSSESSE\u00a0: EXISTE-T-IL DES SIGNES DE GROSSESSE ?\">D\u00c9NI DE GROSSESSE\u00a0: EXISTE-T-IL DES SIGNES DE GROSSESSE ?<\/a><\/li><li class='ez-toc-page-1 ez-toc-heading-level-2'><a class=\"ez-toc-link ez-toc-heading-5\" href=\"https:\/\/monmedenligne.com\/Blog\/bien-etre\/psycho\/deni-de-grossesse-mythe-ou-realite\/#DENI_DE_GROSSESSE_QUELLE_PRISE_EN_CHARGE\" title=\"D\u00c9NI DE GROSSESSE\u00a0: QUELLE PRISE EN CHARGE?\">D\u00c9NI DE GROSSESSE\u00a0: QUELLE PRISE EN CHARGE?<\/a><\/li><\/ul><\/nav><\/div>\n<h2 class=\"has-vivid-cyan-blue-color has-text-color\"><span class=\"ez-toc-section\" id=\"LE_DENI_DE_GROSSESSE_QU%E2%80%99EST-CE_QUE_C%E2%80%99EST%E2%80%89\"><\/span><strong>LE D\u00c9NI DE GROSSESSE: QU&rsquo;EST-CE QUE C&rsquo;EST\u2009?<\/strong><span class=\"ez-toc-section-end\"><\/span><\/h2>\n\n\n\n<p class=\"has-medium-font-size\">Le d\u00e9ni de grossesse se manifeste comme une forme d\u2019inconscience ou de rejet total de la grossesse. La femme agit comme si elle n\u2019avait pas d\u2019enfant dans son ventre. Elle peut parfois devenir t\u00e9tanis\u00e9e, rien qu\u2019\u00e0 l\u2019id\u00e9e de d\u00e9couvrir sa grossesse.<\/p>\n\n\n\n<h2 class=\"has-vivid-cyan-blue-color has-text-color\"><span class=\"ez-toc-section\" id=\"LES_CAUSES_DU_DENI_DE_GROSSESSE\"><\/span><strong>LES CAUSES DU D\u00c9NI DE GROSSESSE<\/strong><span class=\"ez-toc-section-end\"><\/span><\/h2>\n\n\n\n<p class=\"has-medium-font-size\">Le d\u00e9ni de grossesse est souvent la cons\u00e9quence d\u2019une grossesse non d\u00e9sir\u00e9e. Il peut \u00eatre \u00e9galement associ\u00e9 \u00e0 d\u2019autres facteurs, d\u2019ordre psychique, relationnel\u2026etc. Dans certains cas, la femme se met \u00e0 l\u2019esprit qu\u2019elle ne devrait en aucun cas avoir d\u2019enfant, afin de pr\u00e9server son parcours scolaire ou universitaire, ou encore sa carri\u00e8re professionnelle par exemple.<\/p>\n\n\n\n<h2 class=\"has-vivid-cyan-blue-color has-text-color\"><span class=\"ez-toc-section\" id=\"QUI_SONT_CONCERNEES_PAR_UN_DENI_DE_GROSSESSE\"><\/span><strong>QUI SONT CONCERNEES PAR UN D\u00c9NI DE GROSSESSE<\/strong>?<span class=\"ez-toc-section-end\"><\/span><\/h2>\n\n\n\n<p class=\"has-medium-font-size\">Le d\u00e9ni de grossesse peut toucher toutes les femmes en \u00e2ge de procr\u00e9er. Et ce quelque soit leur niveau de vie ou leur profil conjugal. Cette situation peut \u00e9galement concerner les femmes au stade de\u00a0pr\u00e9-m\u00e9nopause\u00a0qui tombent enceinte de fa\u00e7on impr\u00e9vue.<\/p>\n\n\n\n<h2 class=\"has-vivid-cyan-blue-color has-text-color\"><span class=\"ez-toc-section\" id=\"DENI_DE_GROSSESSE_EXISTE-T-IL_DES_SIGNES_DE_GROSSESSE\"><\/span>D\u00c9NI DE GROSSESSE\u00a0: EXISTE-T-IL DES SIGNES DE GROSSESSE ?<span class=\"ez-toc-section-end\"><\/span><\/h2>\n\n\n\n<p class=\"has-medium-font-size\">M\u00eame s\u2019il y a d\u00e9ni de grossesse, la grossesse physique existe r\u00e9ellement. Mais il se peut que le corps de la femme ne pr\u00e9sente que peu ou pas de signes physiques et sympathiques de grossesse. Et m\u00eame si la femme \u00e9prouve certaines modifications au niveau de son corps, elle les prend pour de simples faits passagers. Ainsi, s\u2019il y a des saignements, elle les per\u00e7oit comme des r\u00e8gles. Si elle ressent des\u00a0maux de ventre ou un gonflement du ventre, elle croit qu\u2019il s\u2019agit de\u00a0troubles gastro-intestinaux. <\/p>\n\n\n\n<p class=\"has-medium-font-size\">Dans nombres de cas, on note cependant une apparition brusque et \u00e9vidente de la grossesse d\u00e8s que la femme est confront\u00e9e \u00e0 une confirmation tardive de la grossesse qu&rsquo;elle ne peut plus nier. <\/p>\n\n\n\n<h2 class=\"has-vivid-cyan-blue-color has-text-color\"><span class=\"ez-toc-section\" id=\"DENI_DE_GROSSESSE_QUELLE_PRISE_EN_CHARGE\"><\/span>D\u00c9NI DE GROSSESSE\u00a0: QUELLE PRISE EN CHARGE?<span class=\"ez-toc-section-end\"><\/span><\/h2>\n\n\n\n<p class=\"has-medium-font-size\">Quelque soit le stade de d\u00e9couverte de la grossesse, la prise en charge est essentiellement psychologique. Elle doit \u00eatre rigoureuse et suivie pendant et apr\u00e8s grossesse, afin d\u2019\u00e9viter la mort du f\u0153tus ou du nouveau-n\u00e9 par manque de soins ou encore une interruption volontaire de grossesse qui pourrait \u00eatre regrett\u00e9e plus tard. Si la grossesse est men\u00e9e \u00e0 terme, un accouchement sous X ou une \u00e9ventuelle mise en adoption sont discut\u00e9s si la m\u00e8re persiste dans le rejet de la grossesse. &nbsp;<\/p>\n","protected":false},"excerpt":{"rendered":"<p>LE D\u00c9NI DE GROSSESSE: QU&rsquo;EST-CE QUE C&rsquo;EST\u2009? Le d\u00e9ni de grossesse se manifeste comme&hellip;<\/p>\n","protected":false},"author":2,"featured_media":617,"comment_status":"closed","ping_status":"open","sticky":false,"template":"","format":"standard","meta":[],"categories":[35,4],"tags":[184,110,185],"yoast_head":"<!-- This site is optimized with the Yoast SEO plugin v18.4.1 - https:\/\/yoast.com\/wordpress\/plugins\/seo\/ -->\n<title>D\u00c9NI DE GROSSESSE : MYTHE OU R\u00c9ALIT\u00c9 ? - MonmedMag<\/title>\n<meta name=\"description\" content=\"Le d\u00e9ni de grossesse se manifeste comme une forme d\u2019inconscience ou de rejet total de la grossesse avec peu ou aucun changement physique\" \/>\n<meta name=\"robots\" content=\"index, follow, max-snippet:-1, max-image-preview:large, max-video-preview:-1\" \/>\n<link rel=\"canonical\" href=\"https:\/\/monmedenligne.com\/Blog\/bien-etre\/psycho\/deni-de-grossesse-mythe-ou-realite\/\" \/>\n<meta property=\"og:locale\" content=\"fr_FR\" \/>\n<meta property=\"og:type\" content=\"article\" \/>\n<meta property=\"og:title\" content=\"D\u00c9NI DE GROSSESSE : MYTHE OU R\u00c9ALIT\u00c9 ? - MonmedMag\" \/>\n<meta property=\"og:description\" content=\"Le d\u00e9ni de grossesse se manifeste comme une forme d\u2019inconscience ou de rejet total de la grossesse avec peu ou aucun changement physique\" \/>\n<meta property=\"og:url\" content=\"https:\/\/monmedenligne.com\/Blog\/bien-etre\/psycho\/deni-de-grossesse-mythe-ou-realite\/\" \/>\n<meta property=\"og:site_name\" content=\"MonmedMag\" \/>\n<meta property=\"article:publisher\" content=\"https:\/\/web.facebook.com\/MonMedEnligne\" \/>\n<meta property=\"article:published_time\" content=\"2022-03-21T11:02:40+00:00\" \/>\n<meta property=\"article:modified_time\" content=\"2022-03-21T11:10:29+00:00\" \/>\n<meta property=\"og:image\" content=\"https:\/\/monmedenligne.com\/Blog\/wp-content\/uploads\/2022\/03\/deux.jpg\" \/>\n\t<meta property=\"og:image:width\" content=\"800\" \/>\n\t<meta property=\"og:image:height\" content=\"450\" \/>\n\t<meta property=\"og:image:type\" content=\"image\/jpeg\" \/>\n<meta name=\"twitter:card\" content=\"summary_large_image\" \/>\n<meta name=\"twitter:creator\" content=\"@monmedenligne\" \/>\n<meta name=\"twitter:site\" content=\"@monmedenligne\" \/>\n<meta name=\"twitter:label1\" content=\"\u00c9crit par\" \/>\n\t<meta name=\"twitter:data1\" content=\"Dr L.Quenum\" \/>\n\t<meta name=\"twitter:label2\" content=\"Dur\u00e9e de lecture estim\u00e9e\" \/>\n\t<meta name=\"twitter:data2\" content=\"2 minutes\" \/>\n<script type=\"application\/ld+json\" class=\"yoast-schema-graph\">{\"@context\":\"https:\/\/schema.org\",\"@graph\":[{\"@type\":\"WebSite\",\"@id\":\"https:\/\/monmedenligne.com\/Blog\/#website\",\"url\":\"https:\/\/monmedenligne.com\/Blog\/\",\"name\":\"MonmedMag\",\"description\":\"La maladie tue, l&#039;ignorance aussi\",\"potentialAction\":[{\"@type\":\"SearchAction\",\"target\":{\"@type\":\"EntryPoint\",\"urlTemplate\":\"https:\/\/monmedenligne.com\/Blog\/?s={search_term_string}\"},\"query-input\":\"required name=search_term_string\"}],\"inLanguage\":\"fr-FR\"},{\"@type\":\"ImageObject\",\"@id\":\"https:\/\/monmedenligne.com\/Blog\/bien-etre\/psycho\/deni-de-grossesse-mythe-ou-realite\/#primaryimage\",\"inLanguage\":\"fr-FR\",\"url\":\"https:\/\/monmedenligne.com\/Blog\/wp-content\/uploads\/2022\/03\/deux.jpg\",\"contentUrl\":\"https:\/\/monmedenligne.com\/Blog\/wp-content\/uploads\/2022\/03\/deux.jpg\",\"width\":800,\"height\":450},{\"@type\":\"WebPage\",\"@id\":\"https:\/\/monmedenligne.com\/Blog\/bien-etre\/psycho\/deni-de-grossesse-mythe-ou-realite\/#webpage\",\"url\":\"https:\/\/monmedenligne.com\/Blog\/bien-etre\/psycho\/deni-de-grossesse-mythe-ou-realite\/\",\"name\":\"D\u00c9NI DE GROSSESSE : MYTHE OU R\u00c9ALIT\u00c9 ? - MonmedMag\",\"isPartOf\":{\"@id\":\"https:\/\/monmedenligne.com\/Blog\/#website\"},\"primaryImageOfPage\":{\"@id\":\"https:\/\/monmedenligne.com\/Blog\/bien-etre\/psycho\/deni-de-grossesse-mythe-ou-realite\/#primaryimage\"},\"datePublished\":\"2022-03-21T11:02:40+00:00\",\"dateModified\":\"2022-03-21T11:10:29+00:00\",\"author\":{\"@id\":\"https:\/\/monmedenligne.com\/Blog\/#\/schema\/person\/b389785b33827165c13b50318b69ff69\"},\"description\":\"Le d\u00e9ni de grossesse se manifeste comme une forme d\u2019inconscience ou de rejet total de la grossesse avec peu ou aucun changement physique\",\"breadcrumb\":{\"@id\":\"https:\/\/monmedenligne.com\/Blog\/bien-etre\/psycho\/deni-de-grossesse-mythe-ou-realite\/#breadcrumb\"},\"inLanguage\":\"fr-FR\",\"potentialAction\":[{\"@type\":\"ReadAction\",\"target\":[\"https:\/\/monmedenligne.com\/Blog\/bien-etre\/psycho\/deni-de-grossesse-mythe-ou-realite\/\"]}]},{\"@type\":\"BreadcrumbList\",\"@id\":\"https:\/\/monmedenligne.com\/Blog\/bien-etre\/psycho\/deni-de-grossesse-mythe-ou-realite\/#breadcrumb\",\"itemListElement\":[{\"@type\":\"ListItem\",\"position\":1,\"name\":\"Accueil\",\"item\":\"https:\/\/monmedenligne.com\/Blog\/\"},{\"@type\":\"ListItem\",\"position\":2,\"name\":\"D\u00c9NI DE GROSSESSE : MYTHE OU R\u00c9ALIT\u00c9 ?\"}]},{\"@type\":\"Person\",\"@id\":\"https:\/\/monmedenligne.com\/Blog\/#\/schema\/person\/b389785b33827165c13b50318b69ff69\",\"name\":\"Dr L.Quenum\",\"image\":{\"@type\":\"ImageObject\",\"@id\":\"https:\/\/monmedenligne.com\/Blog\/#personlogo\",\"inLanguage\":\"fr-FR\",\"url\":\"https:\/\/secure.gravatar.com\/avatar\/36207a182cf8efeb35eb55d1cb5cd54a?s=96&d=mm&r=g\",\"contentUrl\":\"https:\/\/secure.gravatar.com\/avatar\/36207a182cf8efeb35eb55d1cb5cd54a?s=96&d=mm&r=g\",\"caption\":\"Dr L.Quenum\"},\"url\":\"https:\/\/monmedenligne.com\/Blog\/author\/laurice-quenum\/\"}]}<\/script>\n<!-- \/ Yoast SEO plugin. -->","yoast_head_json":{"title":"D\u00c9NI DE GROSSESSE : MYTHE OU R\u00c9ALIT\u00c9 ? - MonmedMag","description":"Le d\u00e9ni de grossesse se manifeste comme une forme d\u2019inconscience ou de rejet total de la grossesse avec peu ou aucun changement physique","robots":{"index":"index","follow":"follow","max-snippet":"max-snippet:-1","max-image-preview":"max-image-preview:large","max-video-preview":"max-video-preview:-1"},"canonical":"https:\/\/monmedenligne.com\/Blog\/bien-etre\/psycho\/deni-de-grossesse-mythe-ou-realite\/","og_locale":"fr_FR","og_type":"article","og_title":"D\u00c9NI DE GROSSESSE : MYTHE OU R\u00c9ALIT\u00c9 ? - MonmedMag","og_description":"Le d\u00e9ni de grossesse se manifeste comme une forme d\u2019inconscience ou de rejet total de la grossesse avec peu ou aucun changement physique","og_url":"https:\/\/monmedenligne.com\/Blog\/bien-etre\/psycho\/deni-de-grossesse-mythe-ou-realite\/","og_site_name":"MonmedMag","article_publisher":"https:\/\/web.facebook.com\/MonMedEnligne","article_published_time":"2022-03-21T11:02:40+00:00","article_modified_time":"2022-03-21T11:10:29+00:00","og_image":[{"width":800,"height":450,"url":"https:\/\/monmedenligne.com\/Blog\/wp-content\/uploads\/2022\/03\/deux.jpg","type":"image\/jpeg"}],"twitter_card":"summary_large_image","twitter_creator":"@monmedenligne","twitter_site":"@monmedenligne","twitter_misc":{"\u00c9crit par":"Dr L.Quenum","Dur\u00e9e de lecture estim\u00e9e":"2 minutes"},"schema":{"@context":"https:\/\/schema.org","@graph":[{"@type":"WebSite","@id":"https:\/\/monmedenligne.com\/Blog\/#website","url":"https:\/\/monmedenligne.com\/Blog\/","name":"MonmedMag","description":"La maladie tue, l&#039;ignorance aussi","potentialAction":[{"@type":"SearchAction","target":{"@type":"EntryPoint","urlTemplate":"https:\/\/monmedenligne.com\/Blog\/?s={search_term_string}"},"query-input":"required name=search_term_string"}],"inLanguage":"fr-FR"},{"@type":"ImageObject","@id":"https:\/\/monmedenligne.com\/Blog\/bien-etre\/psycho\/deni-de-grossesse-mythe-ou-realite\/#primaryimage","inLanguage":"fr-FR","url":"https:\/\/monmedenligne.com\/Blog\/wp-content\/uploads\/2022\/03\/deux.jpg","contentUrl":"https:\/\/monmedenligne.com\/Blog\/wp-content\/uploads\/2022\/03\/deux.jpg","width":800,"height":450},{"@type":"WebPage","@id":"https:\/\/monmedenligne.com\/Blog\/bien-etre\/psycho\/deni-de-grossesse-mythe-ou-realite\/#webpage","url":"https:\/\/monmedenligne.com\/Blog\/bien-etre\/psycho\/deni-de-grossesse-mythe-ou-realite\/","name":"D\u00c9NI DE GROSSESSE : MYTHE OU R\u00c9ALIT\u00c9 ? - MonmedMag","isPartOf":{"@id":"https:\/\/monmedenligne.com\/Blog\/#website"},"primaryImageOfPage":{"@id":"https:\/\/monmedenligne.com\/Blog\/bien-etre\/psycho\/deni-de-grossesse-mythe-ou-realite\/#primaryimage"},"datePublished":"2022-03-21T11:02:40+00:00","dateModified":"2022-03-21T11:10:29+00:00","author":{"@id":"https:\/\/monmedenligne.com\/Blog\/#\/schema\/person\/b389785b33827165c13b50318b69ff69"},"description":"Le d\u00e9ni de grossesse se manifeste comme une forme d\u2019inconscience ou de rejet total de la grossesse avec peu ou aucun changement physique","breadcrumb":{"@id":"https:\/\/monmedenligne.com\/Blog\/bien-etre\/psycho\/deni-de-grossesse-mythe-ou-realite\/#breadcrumb"},"inLanguage":"fr-FR","potentialAction":[{"@type":"ReadAction","target":["https:\/\/monmedenligne.com\/Blog\/bien-etre\/psycho\/deni-de-grossesse-mythe-ou-realite\/"]}]},{"@type":"BreadcrumbList","@id":"https:\/\/monmedenligne.com\/Blog\/bien-etre\/psycho\/deni-de-grossesse-mythe-ou-realite\/#breadcrumb","itemListElement":[{"@type":"ListItem","position":1,"name":"Accueil","item":"https:\/\/monmedenligne.com\/Blog\/"},{"@type":"ListItem","position":2,"name":"D\u00c9NI DE GROSSESSE : MYTHE OU R\u00c9ALIT\u00c9 ?"}]},{"@type":"Person","@id":"https:\/\/monmedenligne.com\/Blog\/#\/schema\/person\/b389785b33827165c13b50318b69ff69","name":"Dr L.Quenum","image":{"@type":"ImageObject","@id":"https:\/\/monmedenligne.com\/Blog\/#personlogo","inLanguage":"fr-FR","url":"https:\/\/secure.gravatar.com\/avatar\/36207a182cf8efeb35eb55d1cb5cd54a?s=96&d=mm&r=g","contentUrl":"https:\/\/secure.gravatar.com\/avatar\/36207a182cf8efeb35eb55d1cb5cd54a?s=96&d=mm&r=g","caption":"Dr L.Quenum"},"url":"https:\/\/monmedenligne.com\/Blog\/author\/laurice-quenum\/"}]}},"_links":{"self":[{"href":"https:\/\/monmedenligne.com\/Blog\/wp-json\/wp\/v2\/posts\/614"}],"collection":[{"href":"https:\/\/monmedenligne.com\/Blog\/wp-json\/wp\/v2\/posts"}],"about":[{"href":"https:\/\/monmedenligne.com\/Blog\/wp-json\/wp\/v2\/types\/post"}],"author":[{"embeddable":true,"href":"https:\/\/monmedenligne.com\/Blog\/wp-json\/wp\/v2\/users\/2"}],"replies":[{"embeddable":true,"href":"https:\/\/monmedenligne.com\/Blog\/wp-json\/wp\/v2\/comments?post=614"}],"version-history":[{"count":6,"href":"https:\/\/monmedenligne.com\/Blog\/wp-json\/wp\/v2\/posts\/614\/revisions"}],"predecessor-version":[{"id":623,"href":"https:\/\/monmedenligne.com\/Blog\/wp-json\/wp\/v2\/posts\/614\/revisions\/623"}],"wp:featuredmedia":[{"embeddable":true,"href":"https:\/\/monmedenligne.com\/Blog\/wp-json\/wp\/v2\/media\/617"}],"wp:attachment":[{"href":"https:\/\/monmedenligne.com\/Blog\/wp-json\/wp\/v2\/media?parent=614"}],"wp:term":[{"taxonomy":"category","embeddable":true,"href":"https:\/\/monmedenligne.com\/Blog\/wp-json\/wp\/v2\/categories?post=614"},{"taxonomy":"post_tag","embeddable":true,"href":"https:\/\/monmedenligne.com\/Blog\/wp-json\/wp\/v2\/tags?post=614"}],"curies":[{"name":"wp","href":"https:\/\/api.w.org\/{rel}","templated":true}]}}