{"id":625,"date":"2022-04-07T00:52:11","date_gmt":"2022-04-07T00:52:11","guid":{"rendered":"https:\/\/monmedenligne.com\/Blog\/?p=625"},"modified":"2022-04-07T01:08:30","modified_gmt":"2022-04-07T01:08:30","slug":"le-cancer-episode-introductif","status":"publish","type":"post","link":"https:\/\/monmedenligne.com\/Blog\/sante\/le-cancer-episode-introductif\/","title":{"rendered":"LE CANCER: \u00c9PISODE INTRODUCTIF"},"content":{"rendered":"\n<p class=\"has-medium-font-size\">Le voile sur le cancer est lev\u00e9 ! Le cancer n&rsquo;est plus un sujet tabou de nos jours. Et les progr\u00e8s de la recherche ont permis d\u2019am\u00e9liorer drastiquement le pronostic de la maladie m\u00eame \u00e0 des stades avanc\u00e9s.<\/p>\n\n\n\n<p class=\"has-medium-font-size\">Pour en parler, nous mettons en place une s\u00e9rie de textes pour aborder le sujet dans toute sa globalit\u00e9 et ensuite certains types sp\u00e9cifiques de cancers, notamment les plus r\u00e9currents. Nous r\u00e9pondons aux questions et en ressortons les bons comportements \u00e0 adopter.<\/p>\n\n\n\n<div id=\"ez-toc-container\" class=\"ez-toc-v2_0_55 counter-hierarchy ez-toc-counter ez-toc-grey ez-toc-container-direction\">\n<div class=\"ez-toc-title-container\">\n<p class=\"ez-toc-title \" >Sommaire <\/p>\n<span class=\"ez-toc-title-toggle\"><a href=\"#\" class=\"ez-toc-pull-right ez-toc-btn ez-toc-btn-xs ez-toc-btn-default ez-toc-toggle\" aria-label=\"Toggle Table of Content\" role=\"button\"><label for=\"item-69f4ee761cc9b\" ><span class=\"\"><span style=\"display:none;\">Toggle<\/span><span class=\"ez-toc-icon-toggle-span\"><svg style=\"fill: #999;color:#999\" xmlns=\"http:\/\/www.w3.org\/2000\/svg\" class=\"list-377408\" width=\"20px\" height=\"20px\" viewBox=\"0 0 24 24\" fill=\"none\"><path d=\"M6 6H4v2h2V6zm14 0H8v2h12V6zM4 11h2v2H4v-2zm16 0H8v2h12v-2zM4 16h2v2H4v-2zm16 0H8v2h12v-2z\" fill=\"currentColor\"><\/path><\/svg><svg style=\"fill: #999;color:#999\" class=\"arrow-unsorted-368013\" xmlns=\"http:\/\/www.w3.org\/2000\/svg\" width=\"10px\" height=\"10px\" viewBox=\"0 0 24 24\" version=\"1.2\" baseProfile=\"tiny\"><path d=\"M18.2 9.3l-6.2-6.3-6.2 6.3c-.2.2-.3.4-.3.7s.1.5.3.7c.2.2.4.3.7.3h11c.3 0 .5-.1.7-.3.2-.2.3-.5.3-.7s-.1-.5-.3-.7zM5.8 14.7l6.2 6.3 6.2-6.3c.2-.2.3-.5.3-.7s-.1-.5-.3-.7c-.2-.2-.4-.3-.7-.3h-11c-.3 0-.5.1-.7.3-.2.2-.3.5-.3.7s.1.5.3.7z\"\/><\/svg><\/span><\/span><\/label><input aria-label=\"Toggle\" aria-label=\"item-69f4ee761cc9b\"  type=\"checkbox\" id=\"item-69f4ee761cc9b\"><\/a><\/span><\/div>\n<nav><ul class='ez-toc-list ez-toc-list-level-1 ' ><li class='ez-toc-page-1 ez-toc-heading-level-2'><a class=\"ez-toc-link ez-toc-heading-1\" href=\"https:\/\/monmedenligne.com\/Blog\/sante\/le-cancer-episode-introductif\/#Que_signifie_avoir_un_cancer\" title=\"Que signifie avoir un cancer ?\">Que signifie avoir un cancer ?<\/a><\/li><li class='ez-toc-page-1 ez-toc-heading-level-2'><a class=\"ez-toc-link ez-toc-heading-2\" href=\"https:\/\/monmedenligne.com\/Blog\/sante\/le-cancer-episode-introductif\/#Quelles_sont_en_general_les_causes_de_cancer\" title=\"Quelles sont en g\u00e9n\u00e9ral les causes de cancer\">Quelles sont en g\u00e9n\u00e9ral les causes de cancer<\/a><\/li><li class='ez-toc-page-1 ez-toc-heading-level-2'><a class=\"ez-toc-link ez-toc-heading-3\" href=\"https:\/\/monmedenligne.com\/Blog\/sante\/le-cancer-episode-introductif\/#Cancer_quels_symptomes_doivent_vous_alerter\" title=\"Cancer : quels sympt\u00f4mes doivent vous alerter ?\">Cancer : quels sympt\u00f4mes doivent vous alerter ?<\/a><\/li><li class='ez-toc-page-1 ez-toc-heading-level-2'><a class=\"ez-toc-link ez-toc-heading-4\" href=\"https:\/\/monmedenligne.com\/Blog\/sante\/le-cancer-episode-introductif\/#Comment_prevenir_le_cancer\" title=\"Comment pr\u00e9venir le cancer ?\">Comment pr\u00e9venir le cancer ?<\/a><\/li><\/ul><\/nav><\/div>\n<h2 class=\"has-vivid-cyan-blue-color has-text-color\"><span class=\"ez-toc-section\" id=\"Que_signifie_avoir_un_cancer\"><\/span><strong>Que signifie avoir un cancer ?<\/strong><span class=\"ez-toc-section-end\"><\/span><\/h2>\n\n\n\n<p class=\"has-medium-font-size\">\u00c0 partir du moment o\u00f9 vos cellules commencent \u00e0 se multiplier de mani\u00e8re anarchique, vous y \u00eates. D&rsquo;abord il est important de notifier que naturellement nos cellules se multiplient de mani\u00e8re coordonn\u00e9e pour assurer leur renouvellement. Nous changeons de peau par exemple et l&rsquo;exemple le plus pratique est que nous grandissons. L&rsquo;organisme est con\u00e7u pour se renouveler. Mais si pour une quelconque raison, un dysfonctionnement survient et que le m\u00e9canisme de renouvellement n&rsquo;est plus contr\u00f4l\u00e9, les cellules se mettent \u00e0 se multiplier de fa\u00e7on anarchique et beaucoup plus vite. Le cancer est donc un dysfonctionnement de l&rsquo;organisation des cellules conduisant \u00e0 des cellules qui se multiplient beaucoup plus vite que la normale. <\/p>\n\n\n\n<p class=\"has-medium-font-size\">Toutes les cellules du corps peuvent \u00eatre sujettes au cancer. Cependant les structures les plus touch\u00e9es sont le sein , la prostate, le poumon ou encore le c\u00f4lon.<\/p>\n\n\n\n<h2 class=\"has-vivid-cyan-blue-color has-text-color\"><span class=\"ez-toc-section\" id=\"Quelles_sont_en_general_les_causes_de_cancer\"><\/span><strong>Quelles sont en g\u00e9n\u00e9ral les causes <\/strong>de cancer<span class=\"ez-toc-section-end\"><\/span><\/h2>\n\n\n\n<p class=\"has-medium-font-size\">Plusieurs situations peuvent \u00eatre sources de perturbation de la multiplication des cellules dans l&rsquo;organisme. Entre autres nous avons essentiellement :<\/p>\n\n\n\n<ul class=\"has-medium-font-size\"><li>Le <strong>mode de vie<\/strong>,<\/li><li>L\u2019<strong>exposition \u00e0 certaines substances<\/strong>,<\/li><li>L\u2019<strong>h\u00e9r\u00e9dit\u00e9<\/strong>,<\/li><li>Les <strong>hormones<\/strong>,<\/li><li><strong>Certaines infections bact\u00e9riennes et virales<\/strong>,<\/li><li>Une activit\u00e9 physique insuffisante (<strong>s\u00e9dentarit\u00e9<\/strong>).<\/li><\/ul>\n\n\n\n<p class=\"has-medium-font-size\">Parlant du <strong>mode de vie<\/strong>, il s&rsquo;agit surtout de la <strong>consommation excessive de tabac<\/strong> (\u00ab le tabac nuit gravement \u00e0 la sant\u00e9\u00a0\u00bb cette inscription sur les paquets de cigarettes n&rsquo;est pas une inscription anodine) <strong>et ou d&rsquo;alcool<\/strong>, d&rsquo;une <strong>alimentation pauvre en fruits, en fibre et l\u00e9gumes<\/strong>, d&rsquo;une <strong>consommation excessive de viande rouge<\/strong> et de l&rsquo;<strong>ob\u00e9sit\u00e9 li\u00e9e \u00e0 une surconsommation<\/strong>.<\/p>\n\n\n\n<p class=\"has-medium-font-size\">En ce qui concerne l&rsquo;<strong>exposition \u00e0 certaines substances<\/strong>, sont incrimin\u00e9s les <strong>pesticides<\/strong>, les <strong>produits p\u00e9troliers<\/strong> et <strong>d&rsquo;autres substances chimiques utilis\u00e9es notamment dans les industries et laboratoire de recherche<\/strong>. La plupart pr\u00e9sente un fort pouvoir canc\u00e9rig\u00e8ne. Nous pouvons citer comme exemple le benz\u00e8ne, l&rsquo;arsenic.<\/p>\n\n\n\n<p class=\"has-medium-font-size\">Quant aux <strong>hormones<\/strong>, il s\u2019agit de <strong>traitements hormonaux en cas d&rsquo;inconforts li\u00e9s \u00e0 la m\u00e9nopause<\/strong> ainsi que l&rsquo;<strong>utilisation abusive ou excessive de contraceptifs hormonaux<\/strong>.<\/p>\n\n\n\n<p class=\"has-medium-font-size\">L&rsquo;<strong>h\u00e9r\u00e9dit\u00e9 <\/strong>est \u00e9galement une cause de cancer car le cancer entra\u00eene des <strong>modifications g\u00e9n\u00e9tiques<\/strong> chez les personnes atteintes; ces\u00a0modifications peuvent donc \u00eatre transmises \u00e0 la descendance qui pr\u00e9sente donc un risque de faire le cancer.<\/p>\n\n\n\n<h2 class=\"has-vivid-cyan-blue-color has-text-color\"><span class=\"ez-toc-section\" id=\"Cancer_quels_symptomes_doivent_vous_alerter\"><\/span><strong>Cancer : quels sympt\u00f4mes doivent vous alerter ?<\/strong><span class=\"ez-toc-section-end\"><\/span><\/h2>\n\n\n\n<p class=\"has-medium-font-size\">Il existe des signes non sp\u00e9cifiques, communs \u00e0 la plupart des cancers. Mais ces signes ne permettent pas le diagnostic pr\u00e9cis. Ils orientent le m\u00e9decin dans le choix d\u2019examens compl\u00e9mentaires.<\/p>\n\n\n\n<ul class=\"has-medium-font-size\"><li>Une <strong>alt\u00e9ration de l\u2019\u00e9tat g\u00e9n\u00e9ral<\/strong>\u00a0(fatigue,\u00a0perte d\u2019app\u00e9tit,\u00a0importante perte de poids inexpliqu\u00e9e)<\/li><li>Des <strong>ganglions lymphatiques<\/strong> augment\u00e9s de taille ( boules en arri\u00e8re de l\u2019oreille, au niveau du cou, dans les aisselles, au niveau de l\u2019aine\u2026)<\/li><\/ul>\n\n\n\n<p class=\"has-medium-font-size\">On peut \u00e9galement avoir des signes un peu plus sp\u00e9cifiques tels&nbsp;:<\/p>\n\n\n\n<ul class=\"has-medium-font-size\"><li>Une <strong>douleur et\/ou une masse palpable<\/strong> \u00e0 un endroit pr\u00e9cis du corps<\/li><li>Des <strong>troubles du transit intestinal&nbsp;r\u00e9p\u00e9t\u00e9s<\/strong> sans am\u00e9lioration sous traitement&nbsp;<\/li><li>Du&nbsp;<strong>sang dans les urines et\/ou les selles \u2026 etc<\/strong>&nbsp;<\/li><\/ul>\n\n\n\n<h2 class=\"has-vivid-cyan-blue-color has-text-color\"><span class=\"ez-toc-section\" id=\"Comment_prevenir_le_cancer\"><\/span>Co<strong>mment pr\u00e9venir l<\/strong>e cancer ?<span class=\"ez-toc-section-end\"><\/span><\/h2>\n\n\n\n<p class=\"has-medium-font-size\">Il est possible de r\u00e9duire certains facteurs de risque du cancer&nbsp;:<\/p>\n\n\n\n<ul class=\"has-medium-font-size\"><li>Adopter un mode de vie sain<\/li><li>\u00c9viter le tabac, l\u2019alcool<\/li><li>\u00c9viter l\u2019ob\u00e9sit\u00e9 (Conserver un IMC normal compris entre 18,5 et 25)<\/li><li>Pratiquer une activit\u00e9 physique r\u00e9guli\u00e8re<\/li><li>Adopter une alimentation \u00ab\u00a0anti-cancer\u00a0\u00bb (riche en fruits, l\u00e9gumes, fibres, et pauvre en viande rouge et gras)<\/li><li>\u00c9viter l\u2019exposition \u00e0 certaines substances chimiques canc\u00e9rig\u00e8nes<\/li><\/ul>\n","protected":false},"excerpt":{"rendered":"<p>Le voile sur le cancer est lev\u00e9 ! Le cancer n&rsquo;est plus un sujet&hellip;<\/p>\n","protected":false},"author":2,"featured_media":627,"comment_status":"closed","ping_status":"open","sticky":false,"template":"","format":"standard","meta":[],"categories":[37,4],"tags":[191,30,187,188,115,192,190],"yoast_head":"<!-- This site is optimized with the Yoast SEO plugin v18.4.1 - https:\/\/yoast.com\/wordpress\/plugins\/seo\/ -->\n<title>LE CANCER: \u00c9PISODE INTRODUCTIF - MonmedMag<\/title>\n<meta name=\"description\" content=\"Le cancer est un dysfonctionnement de l&#039;organisation des cellules conduisant \u00e0 des cellules qui se multiplient beaucoup plus vite...\" \/>\n<meta name=\"robots\" content=\"index, follow, max-snippet:-1, max-image-preview:large, max-video-preview:-1\" \/>\n<link rel=\"canonical\" href=\"https:\/\/monmedenligne.com\/Blog\/sante\/le-cancer-episode-introductif\/\" \/>\n<meta property=\"og:locale\" content=\"fr_FR\" \/>\n<meta property=\"og:type\" content=\"article\" \/>\n<meta property=\"og:title\" content=\"LE CANCER: \u00c9PISODE INTRODUCTIF - MonmedMag\" \/>\n<meta property=\"og:description\" content=\"Le cancer est un dysfonctionnement de l&#039;organisation des cellules conduisant \u00e0 des cellules qui se multiplient beaucoup plus vite...\" \/>\n<meta property=\"og:url\" content=\"https:\/\/monmedenligne.com\/Blog\/sante\/le-cancer-episode-introductif\/\" \/>\n<meta property=\"og:site_name\" content=\"MonmedMag\" \/>\n<meta property=\"article:publisher\" content=\"https:\/\/web.facebook.com\/MonMedEnligne\" \/>\n<meta property=\"article:published_time\" content=\"2022-04-07T00:52:11+00:00\" \/>\n<meta property=\"article:modified_time\" content=\"2022-04-07T01:08:30+00:00\" \/>\n<meta property=\"og:image\" content=\"https:\/\/monmedenligne.com\/Blog\/wp-content\/uploads\/2022\/04\/cancertrois.jpg\" \/>\n\t<meta property=\"og:image:width\" content=\"1287\" \/>\n\t<meta property=\"og:image:height\" content=\"814\" \/>\n\t<meta property=\"og:image:type\" content=\"image\/jpeg\" \/>\n<meta name=\"twitter:card\" content=\"summary_large_image\" \/>\n<meta name=\"twitter:creator\" content=\"@monmedenligne\" \/>\n<meta name=\"twitter:site\" content=\"@monmedenligne\" \/>\n<meta name=\"twitter:label1\" content=\"\u00c9crit par\" \/>\n\t<meta name=\"twitter:data1\" content=\"Dr L.Quenum\" \/>\n\t<meta name=\"twitter:label2\" content=\"Dur\u00e9e de lecture estim\u00e9e\" \/>\n\t<meta name=\"twitter:data2\" content=\"4 minutes\" \/>\n<script type=\"application\/ld+json\" class=\"yoast-schema-graph\">{\"@context\":\"https:\/\/schema.org\",\"@graph\":[{\"@type\":\"WebSite\",\"@id\":\"https:\/\/monmedenligne.com\/Blog\/#website\",\"url\":\"https:\/\/monmedenligne.com\/Blog\/\",\"name\":\"MonmedMag\",\"description\":\"La maladie tue, l&#039;ignorance aussi\",\"potentialAction\":[{\"@type\":\"SearchAction\",\"target\":{\"@type\":\"EntryPoint\",\"urlTemplate\":\"https:\/\/monmedenligne.com\/Blog\/?s={search_term_string}\"},\"query-input\":\"required name=search_term_string\"}],\"inLanguage\":\"fr-FR\"},{\"@type\":\"ImageObject\",\"@id\":\"https:\/\/monmedenligne.com\/Blog\/sante\/le-cancer-episode-introductif\/#primaryimage\",\"inLanguage\":\"fr-FR\",\"url\":\"https:\/\/monmedenligne.com\/Blog\/wp-content\/uploads\/2022\/04\/cancertrois.jpg\",\"contentUrl\":\"https:\/\/monmedenligne.com\/Blog\/wp-content\/uploads\/2022\/04\/cancertrois.jpg\",\"width\":1287,\"height\":814,\"caption\":\"Cancer Immunotherapy as a human immune system therapy concept as a biomedical or biomedicine oncology treatment using the natural T cell fighting properties of the body as a 3D render.\"},{\"@type\":\"WebPage\",\"@id\":\"https:\/\/monmedenligne.com\/Blog\/sante\/le-cancer-episode-introductif\/#webpage\",\"url\":\"https:\/\/monmedenligne.com\/Blog\/sante\/le-cancer-episode-introductif\/\",\"name\":\"LE CANCER: \u00c9PISODE INTRODUCTIF - MonmedMag\",\"isPartOf\":{\"@id\":\"https:\/\/monmedenligne.com\/Blog\/#website\"},\"primaryImageOfPage\":{\"@id\":\"https:\/\/monmedenligne.com\/Blog\/sante\/le-cancer-episode-introductif\/#primaryimage\"},\"datePublished\":\"2022-04-07T00:52:11+00:00\",\"dateModified\":\"2022-04-07T01:08:30+00:00\",\"author\":{\"@id\":\"https:\/\/monmedenligne.com\/Blog\/#\/schema\/person\/b389785b33827165c13b50318b69ff69\"},\"description\":\"Le cancer est un dysfonctionnement de l'organisation des cellules conduisant \u00e0 des cellules qui se multiplient beaucoup plus vite...\",\"breadcrumb\":{\"@id\":\"https:\/\/monmedenligne.com\/Blog\/sante\/le-cancer-episode-introductif\/#breadcrumb\"},\"inLanguage\":\"fr-FR\",\"potentialAction\":[{\"@type\":\"ReadAction\",\"target\":[\"https:\/\/monmedenligne.com\/Blog\/sante\/le-cancer-episode-introductif\/\"]}]},{\"@type\":\"BreadcrumbList\",\"@id\":\"https:\/\/monmedenligne.com\/Blog\/sante\/le-cancer-episode-introductif\/#breadcrumb\",\"itemListElement\":[{\"@type\":\"ListItem\",\"position\":1,\"name\":\"Accueil\",\"item\":\"https:\/\/monmedenligne.com\/Blog\/\"},{\"@type\":\"ListItem\",\"position\":2,\"name\":\"LE CANCER: \u00c9PISODE INTRODUCTIF\"}]},{\"@type\":\"Person\",\"@id\":\"https:\/\/monmedenligne.com\/Blog\/#\/schema\/person\/b389785b33827165c13b50318b69ff69\",\"name\":\"Dr L.Quenum\",\"image\":{\"@type\":\"ImageObject\",\"@id\":\"https:\/\/monmedenligne.com\/Blog\/#personlogo\",\"inLanguage\":\"fr-FR\",\"url\":\"https:\/\/secure.gravatar.com\/avatar\/36207a182cf8efeb35eb55d1cb5cd54a?s=96&d=mm&r=g\",\"contentUrl\":\"https:\/\/secure.gravatar.com\/avatar\/36207a182cf8efeb35eb55d1cb5cd54a?s=96&d=mm&r=g\",\"caption\":\"Dr L.Quenum\"},\"url\":\"https:\/\/monmedenligne.com\/Blog\/author\/laurice-quenum\/\"}]}<\/script>\n<!-- \/ Yoast SEO plugin. -->","yoast_head_json":{"title":"LE CANCER: \u00c9PISODE INTRODUCTIF - MonmedMag","description":"Le cancer est un dysfonctionnement de l'organisation des cellules conduisant \u00e0 des cellules qui se multiplient beaucoup plus vite...","robots":{"index":"index","follow":"follow","max-snippet":"max-snippet:-1","max-image-preview":"max-image-preview:large","max-video-preview":"max-video-preview:-1"},"canonical":"https:\/\/monmedenligne.com\/Blog\/sante\/le-cancer-episode-introductif\/","og_locale":"fr_FR","og_type":"article","og_title":"LE CANCER: \u00c9PISODE INTRODUCTIF - MonmedMag","og_description":"Le cancer est un dysfonctionnement de l'organisation des cellules conduisant \u00e0 des cellules qui se multiplient beaucoup plus vite...","og_url":"https:\/\/monmedenligne.com\/Blog\/sante\/le-cancer-episode-introductif\/","og_site_name":"MonmedMag","article_publisher":"https:\/\/web.facebook.com\/MonMedEnligne","article_published_time":"2022-04-07T00:52:11+00:00","article_modified_time":"2022-04-07T01:08:30+00:00","og_image":[{"width":1287,"height":814,"url":"https:\/\/monmedenligne.com\/Blog\/wp-content\/uploads\/2022\/04\/cancertrois.jpg","type":"image\/jpeg"}],"twitter_card":"summary_large_image","twitter_creator":"@monmedenligne","twitter_site":"@monmedenligne","twitter_misc":{"\u00c9crit par":"Dr L.Quenum","Dur\u00e9e de lecture estim\u00e9e":"4 minutes"},"schema":{"@context":"https:\/\/schema.org","@graph":[{"@type":"WebSite","@id":"https:\/\/monmedenligne.com\/Blog\/#website","url":"https:\/\/monmedenligne.com\/Blog\/","name":"MonmedMag","description":"La maladie tue, l&#039;ignorance aussi","potentialAction":[{"@type":"SearchAction","target":{"@type":"EntryPoint","urlTemplate":"https:\/\/monmedenligne.com\/Blog\/?s={search_term_string}"},"query-input":"required name=search_term_string"}],"inLanguage":"fr-FR"},{"@type":"ImageObject","@id":"https:\/\/monmedenligne.com\/Blog\/sante\/le-cancer-episode-introductif\/#primaryimage","inLanguage":"fr-FR","url":"https:\/\/monmedenligne.com\/Blog\/wp-content\/uploads\/2022\/04\/cancertrois.jpg","contentUrl":"https:\/\/monmedenligne.com\/Blog\/wp-content\/uploads\/2022\/04\/cancertrois.jpg","width":1287,"height":814,"caption":"Cancer Immunotherapy as a human immune system therapy concept as a biomedical or biomedicine oncology treatment using the natural T cell fighting properties of the body as a 3D render."},{"@type":"WebPage","@id":"https:\/\/monmedenligne.com\/Blog\/sante\/le-cancer-episode-introductif\/#webpage","url":"https:\/\/monmedenligne.com\/Blog\/sante\/le-cancer-episode-introductif\/","name":"LE CANCER: \u00c9PISODE INTRODUCTIF - MonmedMag","isPartOf":{"@id":"https:\/\/monmedenligne.com\/Blog\/#website"},"primaryImageOfPage":{"@id":"https:\/\/monmedenligne.com\/Blog\/sante\/le-cancer-episode-introductif\/#primaryimage"},"datePublished":"2022-04-07T00:52:11+00:00","dateModified":"2022-04-07T01:08:30+00:00","author":{"@id":"https:\/\/monmedenligne.com\/Blog\/#\/schema\/person\/b389785b33827165c13b50318b69ff69"},"description":"Le cancer est un dysfonctionnement de l'organisation des cellules conduisant \u00e0 des cellules qui se multiplient beaucoup plus vite...","breadcrumb":{"@id":"https:\/\/monmedenligne.com\/Blog\/sante\/le-cancer-episode-introductif\/#breadcrumb"},"inLanguage":"fr-FR","potentialAction":[{"@type":"ReadAction","target":["https:\/\/monmedenligne.com\/Blog\/sante\/le-cancer-episode-introductif\/"]}]},{"@type":"BreadcrumbList","@id":"https:\/\/monmedenligne.com\/Blog\/sante\/le-cancer-episode-introductif\/#breadcrumb","itemListElement":[{"@type":"ListItem","position":1,"name":"Accueil","item":"https:\/\/monmedenligne.com\/Blog\/"},{"@type":"ListItem","position":2,"name":"LE CANCER: \u00c9PISODE INTRODUCTIF"}]},{"@type":"Person","@id":"https:\/\/monmedenligne.com\/Blog\/#\/schema\/person\/b389785b33827165c13b50318b69ff69","name":"Dr L.Quenum","image":{"@type":"ImageObject","@id":"https:\/\/monmedenligne.com\/Blog\/#personlogo","inLanguage":"fr-FR","url":"https:\/\/secure.gravatar.com\/avatar\/36207a182cf8efeb35eb55d1cb5cd54a?s=96&d=mm&r=g","contentUrl":"https:\/\/secure.gravatar.com\/avatar\/36207a182cf8efeb35eb55d1cb5cd54a?s=96&d=mm&r=g","caption":"Dr L.Quenum"},"url":"https:\/\/monmedenligne.com\/Blog\/author\/laurice-quenum\/"}]}},"_links":{"self":[{"href":"https:\/\/monmedenligne.com\/Blog\/wp-json\/wp\/v2\/posts\/625"}],"collection":[{"href":"https:\/\/monmedenligne.com\/Blog\/wp-json\/wp\/v2\/posts"}],"about":[{"href":"https:\/\/monmedenligne.com\/Blog\/wp-json\/wp\/v2\/types\/post"}],"author":[{"embeddable":true,"href":"https:\/\/monmedenligne.com\/Blog\/wp-json\/wp\/v2\/users\/2"}],"replies":[{"embeddable":true,"href":"https:\/\/monmedenligne.com\/Blog\/wp-json\/wp\/v2\/comments?post=625"}],"version-history":[{"count":3,"href":"https:\/\/monmedenligne.com\/Blog\/wp-json\/wp\/v2\/posts\/625\/revisions"}],"predecessor-version":[{"id":629,"href":"https:\/\/monmedenligne.com\/Blog\/wp-json\/wp\/v2\/posts\/625\/revisions\/629"}],"wp:featuredmedia":[{"embeddable":true,"href":"https:\/\/monmedenligne.com\/Blog\/wp-json\/wp\/v2\/media\/627"}],"wp:attachment":[{"href":"https:\/\/monmedenligne.com\/Blog\/wp-json\/wp\/v2\/media?parent=625"}],"wp:term":[{"taxonomy":"category","embeddable":true,"href":"https:\/\/monmedenligne.com\/Blog\/wp-json\/wp\/v2\/categories?post=625"},{"taxonomy":"post_tag","embeddable":true,"href":"https:\/\/monmedenligne.com\/Blog\/wp-json\/wp\/v2\/tags?post=625"}],"curies":[{"name":"wp","href":"https:\/\/api.w.org\/{rel}","templated":true}]}}