{"id":632,"date":"2022-04-19T00:08:10","date_gmt":"2022-04-19T00:08:10","guid":{"rendered":"https:\/\/monmedenligne.com\/Blog\/?p=632"},"modified":"2022-04-19T00:08:33","modified_gmt":"2022-04-19T00:08:33","slug":"cancer-du-sein-et-si-on-en-parlait","status":"publish","type":"post","link":"https:\/\/monmedenligne.com\/Blog\/sante\/cancer-du-sein-et-si-on-en-parlait\/","title":{"rendered":"CANCER DU SEIN : ET SI ON EN PARLAIT ?"},"content":{"rendered":"\n<p class=\"has-medium-font-size\">Le cancer du sein est le cancer le plus fr\u00e9quent chez la femme. M\u00eame si il touche \u00e9galement 1% des hommes, il est \u00e0 noter que ce cancer fait plus allusion \u00e0 la femme.<\/p>\n\n\n\n<div id=\"ez-toc-container\" class=\"ez-toc-v2_0_55 counter-hierarchy ez-toc-counter ez-toc-grey ez-toc-container-direction\">\n<div class=\"ez-toc-title-container\">\n<p class=\"ez-toc-title \" >Sommaire <\/p>\n<span class=\"ez-toc-title-toggle\"><a href=\"#\" class=\"ez-toc-pull-right ez-toc-btn ez-toc-btn-xs ez-toc-btn-default ez-toc-toggle\" aria-label=\"Toggle Table of Content\" role=\"button\"><label for=\"item-69f54637580d7\" ><span class=\"\"><span style=\"display:none;\">Toggle<\/span><span class=\"ez-toc-icon-toggle-span\"><svg style=\"fill: #999;color:#999\" xmlns=\"http:\/\/www.w3.org\/2000\/svg\" class=\"list-377408\" width=\"20px\" height=\"20px\" viewBox=\"0 0 24 24\" fill=\"none\"><path d=\"M6 6H4v2h2V6zm14 0H8v2h12V6zM4 11h2v2H4v-2zm16 0H8v2h12v-2zM4 16h2v2H4v-2zm16 0H8v2h12v-2z\" fill=\"currentColor\"><\/path><\/svg><svg style=\"fill: #999;color:#999\" class=\"arrow-unsorted-368013\" xmlns=\"http:\/\/www.w3.org\/2000\/svg\" width=\"10px\" height=\"10px\" viewBox=\"0 0 24 24\" version=\"1.2\" baseProfile=\"tiny\"><path d=\"M18.2 9.3l-6.2-6.3-6.2 6.3c-.2.2-.3.4-.3.7s.1.5.3.7c.2.2.4.3.7.3h11c.3 0 .5-.1.7-.3.2-.2.3-.5.3-.7s-.1-.5-.3-.7zM5.8 14.7l6.2 6.3 6.2-6.3c.2-.2.3-.5.3-.7s-.1-.5-.3-.7c-.2-.2-.4-.3-.7-.3h-11c-.3 0-.5.1-.7.3-.2.2-.3.5-.3.7s.1.5.3.7z\"\/><\/svg><\/span><\/span><\/label><input aria-label=\"Toggle\" aria-label=\"item-69f54637580d7\"  type=\"checkbox\" id=\"item-69f54637580d7\"><\/a><\/span><\/div>\n<nav><ul class='ez-toc-list ez-toc-list-level-1 ' ><li class='ez-toc-page-1 ez-toc-heading-level-2'><a class=\"ez-toc-link ez-toc-heading-1\" href=\"https:\/\/monmedenligne.com\/Blog\/sante\/cancer-du-sein-et-si-on-en-parlait\/#Symptomes\" title=\"Sympt\u00f4mes\">Sympt\u00f4mes<\/a><\/li><li class='ez-toc-page-1 ez-toc-heading-level-2'><a class=\"ez-toc-link ez-toc-heading-2\" href=\"https:\/\/monmedenligne.com\/Blog\/sante\/cancer-du-sein-et-si-on-en-parlait\/#Causes\" title=\"Causes\">Causes<\/a><\/li><li class='ez-toc-page-1 ez-toc-heading-level-2'><a class=\"ez-toc-link ez-toc-heading-3\" href=\"https:\/\/monmedenligne.com\/Blog\/sante\/cancer-du-sein-et-si-on-en-parlait\/#Traitements\" title=\"Traitements\">Traitements<\/a><\/li><li class='ez-toc-page-1 ez-toc-heading-level-2'><a class=\"ez-toc-link ez-toc-heading-4\" href=\"https:\/\/monmedenligne.com\/Blog\/sante\/cancer-du-sein-et-si-on-en-parlait\/#Prevention\" title=\"Pr\u00e9vention\">Pr\u00e9vention<\/a><\/li><\/ul><\/nav><\/div>\n<h2 class=\"has-vivid-cyan-blue-color has-text-color\"><span class=\"ez-toc-section\" id=\"Symptomes\"><\/span><strong>Sympt\u00f4mes<\/strong><span class=\"ez-toc-section-end\"><\/span><\/h2>\n\n\n\n<p class=\"has-medium-font-size\">Certains signes d\u2019alerte orientent vers le cancer du sein. Il peut s\u2019agir\u00a0de :<\/p>\n\n\n\n<ul class=\"has-medium-font-size\"><li>\u00c9coulements anormaux provenant d\u2019un sein,<\/li><li>Sein douloureux et\/ou gonfl\u00e9,<\/li><li>Sensation de boule dans un sein<\/li><li>Modification de l&rsquo;aspect de la peau au niveau d\u2019un sein,<\/li><li>Ganglions au niveau des aisselles (sensation de boules dans les aisselles) &#8230;<\/li><\/ul>\n\n\n\n<h2 class=\"has-vivid-cyan-blue-color has-text-color\"><span class=\"ez-toc-section\" id=\"Causes\"><\/span><strong>Causes<\/strong><span class=\"ez-toc-section-end\"><\/span><\/h2>\n\n\n\n<p class=\"has-medium-font-size\">Les causes sont nombreuses. En effet, plusieurs facteurs sont susceptibles d&rsquo;augmenter le risque de d\u00e9velopper un cancer de sein. Il s&rsquo;agit notamment de : <\/p>\n\n\n\n<p class=\"has-luminous-vivid-orange-color has-text-color has-medium-font-size\"><strong>*L&rsquo;\u00e2ge :<\/strong> <\/p>\n\n\n\n<p class=\"has-black-color has-text-color has-medium-font-size\">Plus de 2\/3 des cas, <a href=\"%22La%20situation%20du%20cancer%20en%20France%20en%202015%22%20-%20INCa%20avril%202016\">soit 75% des cancers de sein se d\u00e9clarent apr\u00e8s 50 ans<\/a>. \u00c0 partir de 50 ans, les personnes sont g\u00e9n\u00e9ralement plus expos\u00e9es \u00e0 diverses maladies comme le diab\u00e8te, l&rsquo;hypertension art\u00e9rielle etc\u2026 \u00c0 la liste s&rsquo;ajoute le cancer de sein chez la femme. Moins la femme est \u00e2g\u00e9e, moins est-elle expos\u00e9e. <a href=\"https:\/\/www.ligue-cancer.net\/article\/26094_cancer-du-sein#:~:text=Avec%20environ%2054%20062%20nouvelles,sein%20surviennent%20avant%2040%20ans.\">Moins de 10% des cancers du sein surviennent avant 40 ans.<\/a><\/p>\n\n\n\n<p class=\"has-luminous-vivid-orange-color has-text-color has-medium-font-size\"><strong>*Les ant\u00e9c\u00e9dents familiaux : <\/strong><\/p>\n\n\n\n<p class=\"has-medium-font-size\">On dit souvent telle m\u00e8re, telle fille. Plusieurs g\u00e8nes de pr\u00e9disposition au cancer de sein ainsi que leurs formes mut\u00e9es sont transmises aux filles dans certaines familles. Environ 5% des cancers de sein seraient li\u00e9s \u00e0 cette cause.<\/p>\n\n\n\n<p class=\"has-luminous-vivid-orange-color has-text-color has-medium-font-size\"><strong>*L&rsquo;hygi\u00e8ne de vie : <\/strong><\/p>\n\n\n\n<p class=\"has-medium-font-size\">Consommer de l&rsquo;alcool, \u00eatre s\u00e9dentaire ou en surpoids\/ob\u00e9sit\u00e9 n&rsquo;a jamais \u00e9t\u00e9 b\u00e9n\u00e9fique pour l&rsquo;organisme. Et oui, on peut rajouter le cancer de sein aux nombreuses maladies que ces comportements abritent, c\u00e2linent et bercent.<\/p>\n\n\n\n<p class=\"has-luminous-vivid-orange-color has-text-color has-medium-font-size\"><strong>*L&rsquo;histoire hormonale : <\/strong><\/p>\n\n\n\n<p class=\"has-medium-font-size\">Dans toute chose le juste milieu est recommand\u00e9 ; les femmes ayant eu trop t\u00f4t ou trop tard les premi\u00e8res r\u00e8gles ou leur m\u00e9nopause sont plus expos\u00e9es. De m\u00eame que celles n&rsquo;ayant pas port\u00e9 de grossesse ou celles n&rsquo;ayant pas allait\u00e9. C&rsquo;est une question d&rsquo;identit\u00e9 personnelle.<\/p>\n\n\n\n<h2 class=\"has-vivid-cyan-blue-color has-text-color\"><span class=\"ez-toc-section\" id=\"Traitements\"><\/span><strong>Traitements<\/strong><span class=\"ez-toc-section-end\"><\/span><\/h2>\n\n\n\n<p class=\"has-medium-font-size\">Le cancer du sein fait partie des cancers ayant les plus forts taux de gu\u00e9rison. Il existe des traitements en milieu hospitalier ou en ambulatoire qui d\u00e9pendent du stade du cancer. Ces traitements peuvent \u00eatre une chimioth\u00e9rapie, une radioth\u00e9rapie, une intervention chirurgicale ou une combinaison de plusieurs d&rsquo;entre les moyens pr\u00e9cit\u00e9s. Plus vite le cancer est d\u00e9couvert, mieux il est pris en charge. Ainsi le meilleur moyen pour le d\u00e9tecter est : l&rsquo;autopalpation du sein. C&rsquo;est une technique assez simple que nous d\u00e9velopperons mieux dans notre prochain texte afin de permettre \u00e0 tout lecteur de la ma\u00eetriser.<\/p>\n\n\n\n<h2 class=\"has-luminous-vivid-orange-color has-text-color\"><span class=\"ez-toc-section\" id=\"Prevention\"><\/span><strong>Pr\u00e9vention<\/strong><span class=\"ez-toc-section-end\"><\/span><\/h2>\n\n\n\n<p class=\"has-medium-font-size\">La pr\u00e9vention du cancer de sein n&rsquo;a jamais \u00e9t\u00e9 aussi \u00e0 port\u00e9e de main. \u00c9viter les causes est la solution : avoir une alimentation saine, pratiquer une activit\u00e9 physique r\u00e9guli\u00e8re, allaiter ! Et pour les causes g\u00e9n\u00e9tiques, il faut surtout plus contr\u00f4ler et surveiller les seins pour diagnostiquer assez t\u00f4t toute anomalie.<\/p>\n\n\n\n<p class=\"has-medium-font-size\">Aujourd&rsquo;hui, la science ne cesse d&rsquo;\u00e9voluer dans l&rsquo;optique d&rsquo;optimiser les solutions th\u00e9rapeutiques et d&rsquo;am\u00e9liorer la qualit\u00e9 de vie des patientes.<\/p>\n","protected":false},"excerpt":{"rendered":"<p>Le cancer du sein est le cancer le plus fr\u00e9quent chez la femme. M\u00eame&hellip;<\/p>\n","protected":false},"author":3,"featured_media":634,"comment_status":"closed","ping_status":"open","sticky":false,"template":"","format":"standard","meta":[],"categories":[37,4],"tags":[30,194,193,195],"yoast_head":"<!-- This site is optimized with the Yoast SEO plugin v18.4.1 - https:\/\/yoast.com\/wordpress\/plugins\/seo\/ -->\n<title>CANCER DU SEIN : ET SI ON EN PARLAIT ? - MonmedMag<\/title>\n<meta name=\"description\" content=\"Le cancer du sein est le cancer le plus fr\u00e9quent chez la femme. M\u00eame si il touche \u00e9galement 1% des hommes,\" \/>\n<meta name=\"robots\" content=\"index, follow, max-snippet:-1, max-image-preview:large, max-video-preview:-1\" \/>\n<link rel=\"canonical\" href=\"https:\/\/monmedenligne.com\/Blog\/sante\/cancer-du-sein-et-si-on-en-parlait\/\" \/>\n<meta property=\"og:locale\" content=\"fr_FR\" \/>\n<meta property=\"og:type\" content=\"article\" \/>\n<meta property=\"og:title\" content=\"CANCER DU SEIN : ET SI ON EN PARLAIT ? - MonmedMag\" \/>\n<meta property=\"og:description\" content=\"Le cancer du sein est le cancer le plus fr\u00e9quent chez la femme. M\u00eame si il touche \u00e9galement 1% des hommes,\" \/>\n<meta property=\"og:url\" content=\"https:\/\/monmedenligne.com\/Blog\/sante\/cancer-du-sein-et-si-on-en-parlait\/\" \/>\n<meta property=\"og:site_name\" content=\"MonmedMag\" \/>\n<meta property=\"article:publisher\" content=\"https:\/\/web.facebook.com\/MonMedEnligne\" \/>\n<meta property=\"article:published_time\" content=\"2022-04-19T00:08:10+00:00\" \/>\n<meta property=\"article:modified_time\" content=\"2022-04-19T00:08:33+00:00\" \/>\n<meta property=\"og:image\" content=\"https:\/\/monmedenligne.com\/Blog\/wp-content\/uploads\/2022\/04\/cancerseinun.jpg\" \/>\n\t<meta property=\"og:image:width\" content=\"1660\" \/>\n\t<meta property=\"og:image:height\" content=\"550\" \/>\n\t<meta property=\"og:image:type\" content=\"image\/jpeg\" \/>\n<meta name=\"twitter:card\" content=\"summary_large_image\" \/>\n<meta name=\"twitter:creator\" content=\"@monmedenligne\" \/>\n<meta name=\"twitter:site\" content=\"@monmedenligne\" \/>\n<meta name=\"twitter:label1\" content=\"\u00c9crit par\" \/>\n\t<meta name=\"twitter:data1\" content=\"Ornella Sabi\" \/>\n\t<meta name=\"twitter:label2\" content=\"Dur\u00e9e de lecture estim\u00e9e\" \/>\n\t<meta name=\"twitter:data2\" content=\"3 minutes\" \/>\n<script type=\"application\/ld+json\" class=\"yoast-schema-graph\">{\"@context\":\"https:\/\/schema.org\",\"@graph\":[{\"@type\":\"WebSite\",\"@id\":\"https:\/\/monmedenligne.com\/Blog\/#website\",\"url\":\"https:\/\/monmedenligne.com\/Blog\/\",\"name\":\"MonmedMag\",\"description\":\"La maladie tue, l&#039;ignorance aussi\",\"potentialAction\":[{\"@type\":\"SearchAction\",\"target\":{\"@type\":\"EntryPoint\",\"urlTemplate\":\"https:\/\/monmedenligne.com\/Blog\/?s={search_term_string}\"},\"query-input\":\"required name=search_term_string\"}],\"inLanguage\":\"fr-FR\"},{\"@type\":\"ImageObject\",\"@id\":\"https:\/\/monmedenligne.com\/Blog\/sante\/cancer-du-sein-et-si-on-en-parlait\/#primaryimage\",\"inLanguage\":\"fr-FR\",\"url\":\"https:\/\/monmedenligne.com\/Blog\/wp-content\/uploads\/2022\/04\/cancerseinun.jpg\",\"contentUrl\":\"https:\/\/monmedenligne.com\/Blog\/wp-content\/uploads\/2022\/04\/cancerseinun.jpg\",\"width\":1660,\"height\":550},{\"@type\":\"WebPage\",\"@id\":\"https:\/\/monmedenligne.com\/Blog\/sante\/cancer-du-sein-et-si-on-en-parlait\/#webpage\",\"url\":\"https:\/\/monmedenligne.com\/Blog\/sante\/cancer-du-sein-et-si-on-en-parlait\/\",\"name\":\"CANCER DU SEIN : ET SI ON EN PARLAIT ? - MonmedMag\",\"isPartOf\":{\"@id\":\"https:\/\/monmedenligne.com\/Blog\/#website\"},\"primaryImageOfPage\":{\"@id\":\"https:\/\/monmedenligne.com\/Blog\/sante\/cancer-du-sein-et-si-on-en-parlait\/#primaryimage\"},\"datePublished\":\"2022-04-19T00:08:10+00:00\",\"dateModified\":\"2022-04-19T00:08:33+00:00\",\"author\":{\"@id\":\"https:\/\/monmedenligne.com\/Blog\/#\/schema\/person\/92ceb3a929386accacd02e187da53cf4\"},\"description\":\"Le cancer du sein est le cancer le plus fr\u00e9quent chez la femme. M\u00eame si il touche \u00e9galement 1% des hommes,\",\"breadcrumb\":{\"@id\":\"https:\/\/monmedenligne.com\/Blog\/sante\/cancer-du-sein-et-si-on-en-parlait\/#breadcrumb\"},\"inLanguage\":\"fr-FR\",\"potentialAction\":[{\"@type\":\"ReadAction\",\"target\":[\"https:\/\/monmedenligne.com\/Blog\/sante\/cancer-du-sein-et-si-on-en-parlait\/\"]}]},{\"@type\":\"BreadcrumbList\",\"@id\":\"https:\/\/monmedenligne.com\/Blog\/sante\/cancer-du-sein-et-si-on-en-parlait\/#breadcrumb\",\"itemListElement\":[{\"@type\":\"ListItem\",\"position\":1,\"name\":\"Accueil\",\"item\":\"https:\/\/monmedenligne.com\/Blog\/\"},{\"@type\":\"ListItem\",\"position\":2,\"name\":\"CANCER DU SEIN : ET SI ON EN PARLAIT ?\"}]},{\"@type\":\"Person\",\"@id\":\"https:\/\/monmedenligne.com\/Blog\/#\/schema\/person\/92ceb3a929386accacd02e187da53cf4\",\"name\":\"Ornella Sabi\",\"image\":{\"@type\":\"ImageObject\",\"@id\":\"https:\/\/monmedenligne.com\/Blog\/#personlogo\",\"inLanguage\":\"fr-FR\",\"url\":\"https:\/\/secure.gravatar.com\/avatar\/f868c057a0fc76b58b49cba8b25eefec?s=96&d=mm&r=g\",\"contentUrl\":\"https:\/\/secure.gravatar.com\/avatar\/f868c057a0fc76b58b49cba8b25eefec?s=96&d=mm&r=g\",\"caption\":\"Ornella Sabi\"},\"url\":\"https:\/\/monmedenligne.com\/Blog\/author\/sabi\/\"}]}<\/script>\n<!-- \/ Yoast SEO plugin. -->","yoast_head_json":{"title":"CANCER DU SEIN : ET SI ON EN PARLAIT ? - MonmedMag","description":"Le cancer du sein est le cancer le plus fr\u00e9quent chez la femme. M\u00eame si il touche \u00e9galement 1% des hommes,","robots":{"index":"index","follow":"follow","max-snippet":"max-snippet:-1","max-image-preview":"max-image-preview:large","max-video-preview":"max-video-preview:-1"},"canonical":"https:\/\/monmedenligne.com\/Blog\/sante\/cancer-du-sein-et-si-on-en-parlait\/","og_locale":"fr_FR","og_type":"article","og_title":"CANCER DU SEIN : ET SI ON EN PARLAIT ? - MonmedMag","og_description":"Le cancer du sein est le cancer le plus fr\u00e9quent chez la femme. M\u00eame si il touche \u00e9galement 1% des hommes,","og_url":"https:\/\/monmedenligne.com\/Blog\/sante\/cancer-du-sein-et-si-on-en-parlait\/","og_site_name":"MonmedMag","article_publisher":"https:\/\/web.facebook.com\/MonMedEnligne","article_published_time":"2022-04-19T00:08:10+00:00","article_modified_time":"2022-04-19T00:08:33+00:00","og_image":[{"width":1660,"height":550,"url":"https:\/\/monmedenligne.com\/Blog\/wp-content\/uploads\/2022\/04\/cancerseinun.jpg","type":"image\/jpeg"}],"twitter_card":"summary_large_image","twitter_creator":"@monmedenligne","twitter_site":"@monmedenligne","twitter_misc":{"\u00c9crit par":"Ornella Sabi","Dur\u00e9e de lecture estim\u00e9e":"3 minutes"},"schema":{"@context":"https:\/\/schema.org","@graph":[{"@type":"WebSite","@id":"https:\/\/monmedenligne.com\/Blog\/#website","url":"https:\/\/monmedenligne.com\/Blog\/","name":"MonmedMag","description":"La maladie tue, l&#039;ignorance aussi","potentialAction":[{"@type":"SearchAction","target":{"@type":"EntryPoint","urlTemplate":"https:\/\/monmedenligne.com\/Blog\/?s={search_term_string}"},"query-input":"required name=search_term_string"}],"inLanguage":"fr-FR"},{"@type":"ImageObject","@id":"https:\/\/monmedenligne.com\/Blog\/sante\/cancer-du-sein-et-si-on-en-parlait\/#primaryimage","inLanguage":"fr-FR","url":"https:\/\/monmedenligne.com\/Blog\/wp-content\/uploads\/2022\/04\/cancerseinun.jpg","contentUrl":"https:\/\/monmedenligne.com\/Blog\/wp-content\/uploads\/2022\/04\/cancerseinun.jpg","width":1660,"height":550},{"@type":"WebPage","@id":"https:\/\/monmedenligne.com\/Blog\/sante\/cancer-du-sein-et-si-on-en-parlait\/#webpage","url":"https:\/\/monmedenligne.com\/Blog\/sante\/cancer-du-sein-et-si-on-en-parlait\/","name":"CANCER DU SEIN : ET SI ON EN PARLAIT ? - MonmedMag","isPartOf":{"@id":"https:\/\/monmedenligne.com\/Blog\/#website"},"primaryImageOfPage":{"@id":"https:\/\/monmedenligne.com\/Blog\/sante\/cancer-du-sein-et-si-on-en-parlait\/#primaryimage"},"datePublished":"2022-04-19T00:08:10+00:00","dateModified":"2022-04-19T00:08:33+00:00","author":{"@id":"https:\/\/monmedenligne.com\/Blog\/#\/schema\/person\/92ceb3a929386accacd02e187da53cf4"},"description":"Le cancer du sein est le cancer le plus fr\u00e9quent chez la femme. M\u00eame si il touche \u00e9galement 1% des hommes,","breadcrumb":{"@id":"https:\/\/monmedenligne.com\/Blog\/sante\/cancer-du-sein-et-si-on-en-parlait\/#breadcrumb"},"inLanguage":"fr-FR","potentialAction":[{"@type":"ReadAction","target":["https:\/\/monmedenligne.com\/Blog\/sante\/cancer-du-sein-et-si-on-en-parlait\/"]}]},{"@type":"BreadcrumbList","@id":"https:\/\/monmedenligne.com\/Blog\/sante\/cancer-du-sein-et-si-on-en-parlait\/#breadcrumb","itemListElement":[{"@type":"ListItem","position":1,"name":"Accueil","item":"https:\/\/monmedenligne.com\/Blog\/"},{"@type":"ListItem","position":2,"name":"CANCER DU SEIN : ET SI ON EN PARLAIT ?"}]},{"@type":"Person","@id":"https:\/\/monmedenligne.com\/Blog\/#\/schema\/person\/92ceb3a929386accacd02e187da53cf4","name":"Ornella Sabi","image":{"@type":"ImageObject","@id":"https:\/\/monmedenligne.com\/Blog\/#personlogo","inLanguage":"fr-FR","url":"https:\/\/secure.gravatar.com\/avatar\/f868c057a0fc76b58b49cba8b25eefec?s=96&d=mm&r=g","contentUrl":"https:\/\/secure.gravatar.com\/avatar\/f868c057a0fc76b58b49cba8b25eefec?s=96&d=mm&r=g","caption":"Ornella Sabi"},"url":"https:\/\/monmedenligne.com\/Blog\/author\/sabi\/"}]}},"_links":{"self":[{"href":"https:\/\/monmedenligne.com\/Blog\/wp-json\/wp\/v2\/posts\/632"}],"collection":[{"href":"https:\/\/monmedenligne.com\/Blog\/wp-json\/wp\/v2\/posts"}],"about":[{"href":"https:\/\/monmedenligne.com\/Blog\/wp-json\/wp\/v2\/types\/post"}],"author":[{"embeddable":true,"href":"https:\/\/monmedenligne.com\/Blog\/wp-json\/wp\/v2\/users\/3"}],"replies":[{"embeddable":true,"href":"https:\/\/monmedenligne.com\/Blog\/wp-json\/wp\/v2\/comments?post=632"}],"version-history":[{"count":1,"href":"https:\/\/monmedenligne.com\/Blog\/wp-json\/wp\/v2\/posts\/632\/revisions"}],"predecessor-version":[{"id":635,"href":"https:\/\/monmedenligne.com\/Blog\/wp-json\/wp\/v2\/posts\/632\/revisions\/635"}],"wp:featuredmedia":[{"embeddable":true,"href":"https:\/\/monmedenligne.com\/Blog\/wp-json\/wp\/v2\/media\/634"}],"wp:attachment":[{"href":"https:\/\/monmedenligne.com\/Blog\/wp-json\/wp\/v2\/media?parent=632"}],"wp:term":[{"taxonomy":"category","embeddable":true,"href":"https:\/\/monmedenligne.com\/Blog\/wp-json\/wp\/v2\/categories?post=632"},{"taxonomy":"post_tag","embeddable":true,"href":"https:\/\/monmedenligne.com\/Blog\/wp-json\/wp\/v2\/tags?post=632"}],"curies":[{"name":"wp","href":"https:\/\/api.w.org\/{rel}","templated":true}]}}