{"id":659,"date":"2022-05-31T10:01:39","date_gmt":"2022-05-31T10:01:39","guid":{"rendered":"https:\/\/monmedenligne.com\/Blog\/?p=659"},"modified":"2022-05-31T22:17:23","modified_gmt":"2022-05-31T22:17:23","slug":"le-point-sur-le-cancer-de-la-prostate","status":"publish","type":"post","link":"https:\/\/monmedenligne.com\/Blog\/sante\/le-point-sur-le-cancer-de-la-prostate\/","title":{"rendered":"LE POINT SUR LE CANCER DE LA PROSTATE"},"content":{"rendered":"\n<p class=\"has-medium-font-size\">Le cancer de la prostate est une maladie qui se d\u00e9veloppe \u00e0 partir de cellules de la prostate, une&nbsp;petite glande sexuelle masculine&nbsp;en forme de noix produisant le liquide s\u00e9minal qui nourrit et transporte les spermatozo\u00efdes.<\/p>\n\n\n\n<p class=\"has-medium-font-size\">Il s\u2019agit du cancer le plus fr\u00e9quent, \u00e0 la fois chez l\u2019homme et dans l\u2019ensemble de la population. Il est tr\u00e8s rare avant 50 ans et son incidence augmente progressivement avec l\u2019\u00e2ge.<\/p>\n\n\n\n<div id=\"ez-toc-container\" class=\"ez-toc-v2_0_55 counter-hierarchy ez-toc-counter ez-toc-grey ez-toc-container-direction\">\n<div class=\"ez-toc-title-container\">\n<p class=\"ez-toc-title \" >Sommaire <\/p>\n<span class=\"ez-toc-title-toggle\"><a href=\"#\" class=\"ez-toc-pull-right ez-toc-btn ez-toc-btn-xs ez-toc-btn-default ez-toc-toggle\" aria-label=\"Toggle Table of Content\" role=\"button\"><label for=\"item-69f555943bad4\" ><span class=\"\"><span style=\"display:none;\">Toggle<\/span><span class=\"ez-toc-icon-toggle-span\"><svg style=\"fill: #999;color:#999\" xmlns=\"http:\/\/www.w3.org\/2000\/svg\" class=\"list-377408\" width=\"20px\" height=\"20px\" viewBox=\"0 0 24 24\" fill=\"none\"><path d=\"M6 6H4v2h2V6zm14 0H8v2h12V6zM4 11h2v2H4v-2zm16 0H8v2h12v-2zM4 16h2v2H4v-2zm16 0H8v2h12v-2z\" fill=\"currentColor\"><\/path><\/svg><svg style=\"fill: #999;color:#999\" class=\"arrow-unsorted-368013\" xmlns=\"http:\/\/www.w3.org\/2000\/svg\" width=\"10px\" height=\"10px\" viewBox=\"0 0 24 24\" version=\"1.2\" baseProfile=\"tiny\"><path d=\"M18.2 9.3l-6.2-6.3-6.2 6.3c-.2.2-.3.4-.3.7s.1.5.3.7c.2.2.4.3.7.3h11c.3 0 .5-.1.7-.3.2-.2.3-.5.3-.7s-.1-.5-.3-.7zM5.8 14.7l6.2 6.3 6.2-6.3c.2-.2.3-.5.3-.7s-.1-.5-.3-.7c-.2-.2-.4-.3-.7-.3h-11c-.3 0-.5.1-.7.3-.2.2-.3.5-.3.7s.1.5.3.7z\"\/><\/svg><\/span><\/span><\/label><input aria-label=\"Toggle\" aria-label=\"item-69f555943bad4\"  type=\"checkbox\" id=\"item-69f555943bad4\"><\/a><\/span><\/div>\n<nav><ul class='ez-toc-list ez-toc-list-level-1 ' ><li class='ez-toc-page-1 ez-toc-heading-level-2'><a class=\"ez-toc-link ez-toc-heading-1\" href=\"https:\/\/monmedenligne.com\/Blog\/sante\/le-point-sur-le-cancer-de-la-prostate\/#Facteur_de_risque\" title=\"Facteur de risque\">Facteur de risque<\/a><\/li><li class='ez-toc-page-1 ez-toc-heading-level-2'><a class=\"ez-toc-link ez-toc-heading-2\" href=\"https:\/\/monmedenligne.com\/Blog\/sante\/le-point-sur-le-cancer-de-la-prostate\/#_Symptomes\" title=\"&nbsp;Sympt\u00f4mes\">&nbsp;Sympt\u00f4mes<\/a><\/li><li class='ez-toc-page-1 ez-toc-heading-level-2'><a class=\"ez-toc-link ez-toc-heading-3\" href=\"https:\/\/monmedenligne.com\/Blog\/sante\/le-point-sur-le-cancer-de-la-prostate\/#Que_faire_en_cas_de_symptomes\" title=\"Que faire en cas de sympt\u00f4mes ?\">Que faire en cas de sympt\u00f4mes ?<\/a><\/li><li class='ez-toc-page-1 ez-toc-heading-level-2'><a class=\"ez-toc-link ez-toc-heading-4\" href=\"https:\/\/monmedenligne.com\/Blog\/sante\/le-point-sur-le-cancer-de-la-prostate\/#Prevention\" title=\"Pr\u00e9vention\">Pr\u00e9vention<\/a><\/li><\/ul><\/nav><\/div>\n<h2 class=\"has-vivid-cyan-blue-color has-text-color\"><span class=\"ez-toc-section\" id=\"Facteur_de_risque\"><\/span><strong>Facteur de risque<\/strong><span class=\"ez-toc-section-end\"><\/span><\/h2>\n\n\n\n<ul class=\"has-luminous-vivid-orange-color has-text-color has-medium-font-size\"><li><strong>L&rsquo;\u00e2ge avanc\u00e9&nbsp;:<\/strong><\/li><\/ul>\n\n\n\n<p class=\"has-medium-font-size\">L\u2019\u00e2ge est le premier facteur de risque du cancer de la prostate. Il appara\u00eet g\u00e9n\u00e9ralement apr\u00e8s 50 ans, avec 95% des cas survenant entre 57 et 88 ans. L\u2019\u00e2ge moyen observ\u00e9 est de 73 ans.<\/p>\n\n\n\n<ul class=\"has-luminous-vivid-orange-color has-text-color has-medium-font-size\"><li><strong>L\u2019origine ethnique&nbsp;:<\/strong><\/li><\/ul>\n\n\n\n<p class=\"has-medium-font-size\">&nbsp;Risque accru chez les hommes d\u2019origine africaine ou antillaise.<\/p>\n\n\n\n<ul class=\"has-luminous-vivid-orange-color has-text-color has-medium-font-size\"><li><strong>Les ant\u00e9c\u00e9dents familiaux de&nbsp;cancer de la prostate&nbsp;<\/strong><\/li><li><strong>L\u2019ob\u00e9sit\u00e9<\/strong><\/li><\/ul>\n\n\n\n<h2 class=\"has-vivid-cyan-blue-color has-text-color\"><span class=\"ez-toc-section\" id=\"_Symptomes\"><\/span>&nbsp;<strong>Sympt\u00f4mes<\/strong><span class=\"ez-toc-section-end\"><\/span><\/h2>\n\n\n\n<p class=\"has-medium-font-size\">Habituellement, le cancer de la prostate se d\u00e9veloppe sans provoquer de sympt\u00f4me particulier. Il est alors d\u00e9couvert suite \u00e0 une mesure du PSA et\/ou une anomalie de la consistance de la prostate lors d\u2019un toucher rectal.<\/p>\n\n\n\n<p class=\"has-medium-font-size\">Cependant lorsqu\u2019il prend du volume, il peut donner certains signes le plus souvent urinaires&nbsp;:<\/p>\n\n\n\n<ul class=\"has-medium-font-size\"><li>Besoin fr\u00e9quent d&rsquo;uriner, surtout la nuit (pollakiurie) ;<\/li><li>Jet d&rsquo;urine faible, ou difficult\u00e9s \u00e0 uriner&nbsp;;<\/li><li>Sensation de ne pas avoir vid\u00e9 compl\u00e8tement sa vessie ;<\/li><li>Fuites urinaires (incontinence urinaire) ;<\/li><li>Infections urinaires \u00e0 r\u00e9p\u00e9tition ;<\/li><li>Br\u00fblure ou douleur en urinant&nbsp;;<\/li><li>Sang dans les urines ou&nbsp;dans le sperme&nbsp;;<\/li><li>Dysfonctionnement \u00e9rectile<\/li><li>\u00c9jaculations difficiles&nbsp;;<\/li><li>Parfois perte de poids non expliqu\u00e9e et\/ou douleurs osseuses au niveau du dos, du bassin et des jambes.&nbsp;<\/li><\/ul>\n\n\n\n<h2 class=\"has-vivid-cyan-blue-color has-text-color\"><span class=\"ez-toc-section\" id=\"Que_faire_en_cas_de_symptomes\"><\/span>Que faire en cas de sympt\u00f4mes ?<span class=\"ez-toc-section-end\"><\/span><\/h2>\n\n\n\n<p class=\"has-medium-font-size\">Si vous pr\u00e9sentez un ou plusieurs de ces sympt\u00f4mes, consultez votre m\u00e9decin. Il pourra vous prescrire des examens pour en d\u00e9terminer l&rsquo;origine et mener un traitement adapt\u00e9. Il pourra \u00e9galement vous orienter vers un sp\u00e9cialiste (urologue) pour la r\u00e9alisation d\u2019examens plus approfondis. Gardez \u00e0 l&rsquo;esprit que ces sympt\u00f4mes ne suffisent pas \u00e0 poser un diagnostic de cancer.<\/p>\n\n\n\n<h2 class=\"has-vivid-cyan-blue-color has-text-color\"><span class=\"ez-toc-section\" id=\"Prevention\"><\/span><strong>Pr\u00e9vention<\/strong><span class=\"ez-toc-section-end\"><\/span><\/h2>\n\n\n\n<p class=\"has-medium-font-size\">Il n\u2019existe pas de r\u00e8gles \u00e9tablies pour pr\u00e9venir le cancer de la prostate.<\/p>\n\n\n\n<p class=\"has-luminous-vivid-orange-color has-text-color has-medium-font-size\"><strong>Cependant, adoptez un mode de vie sain, permet de r\u00e9duire le risque de survenu&nbsp;:<\/strong><\/p>\n\n\n\n<ul class=\"has-medium-font-size\"><li>Optez pour une alimentation saine riche en fruits et l\u00e9gumes&nbsp;<\/li><li>Faites de l\u2019exercice physique aussi souvent que possible&nbsp;: L\u2019OMS (Organisation mondiale de la sant\u00e9) recommande 150 minutes d\u2019activit\u00e9 physique d\u2019intensit\u00e9 mod\u00e9r\u00e9e par semaine.<\/li><li>Maintenez un poids sant\u00e9, c&rsquo;est-\u00e0-dire un poids avec un indice de masse corporelle (IMC) dans l\u2019intervalle normal.<\/li><li>Faites le&nbsp;d\u00e9pistage annuel syst\u00e9matique&nbsp;:&nbsp;A partir de 50 ans, consultation urologique annuelle + dosage des PSA pour d\u00e9tecter un cancer \u00e0 un stade pr\u00e9coce et donc accessible \u00e0 un traitement plus efficace.<\/li><\/ul>\n\n\n\n<p><\/p>\n","protected":false},"excerpt":{"rendered":"<p>Le cancer de la prostate est une maladie qui se d\u00e9veloppe \u00e0 partir de&hellip;<\/p>\n","protected":false},"author":2,"featured_media":670,"comment_status":"closed","ping_status":"open","sticky":true,"template":"","format":"standard","meta":[],"categories":[4],"tags":[30,160,66,131],"yoast_head":"<!-- This site is optimized with the Yoast SEO plugin v18.4.1 - https:\/\/yoast.com\/wordpress\/plugins\/seo\/ -->\n<title>LE POINT SUR LE CANCER DE LA PROSTATE - MonmedMag<\/title>\n<meta name=\"description\" content=\"Le cancer de la prostate est une maladie qui se d\u00e9veloppe \u00e0 partir de cellules de la prostate, une petite glande sexuelle masculine\" \/>\n<meta name=\"robots\" content=\"index, follow, max-snippet:-1, max-image-preview:large, max-video-preview:-1\" \/>\n<link rel=\"canonical\" href=\"https:\/\/monmedenligne.com\/Blog\/sante\/le-point-sur-le-cancer-de-la-prostate\/\" \/>\n<meta property=\"og:locale\" content=\"fr_FR\" \/>\n<meta property=\"og:type\" content=\"article\" \/>\n<meta property=\"og:title\" content=\"LE POINT SUR LE CANCER DE LA PROSTATE - MonmedMag\" \/>\n<meta property=\"og:description\" content=\"Le cancer de la prostate est une maladie qui se d\u00e9veloppe \u00e0 partir de cellules de la prostate, une petite glande sexuelle masculine\" \/>\n<meta property=\"og:url\" content=\"https:\/\/monmedenligne.com\/Blog\/sante\/le-point-sur-le-cancer-de-la-prostate\/\" \/>\n<meta property=\"og:site_name\" content=\"MonmedMag\" \/>\n<meta property=\"article:publisher\" content=\"https:\/\/web.facebook.com\/MonMedEnligne\" \/>\n<meta property=\"article:published_time\" content=\"2022-05-31T10:01:39+00:00\" \/>\n<meta property=\"article:modified_time\" content=\"2022-05-31T22:17:23+00:00\" \/>\n<meta property=\"og:image\" content=\"https:\/\/monmedenligne.com\/Blog\/wp-content\/uploads\/2022\/05\/prostate.jpg\" \/>\n\t<meta property=\"og:image:width\" content=\"648\" \/>\n\t<meta property=\"og:image:height\" content=\"427\" \/>\n\t<meta property=\"og:image:type\" content=\"image\/jpeg\" \/>\n<meta name=\"twitter:card\" content=\"summary_large_image\" \/>\n<meta name=\"twitter:creator\" content=\"@monmedenligne\" \/>\n<meta name=\"twitter:site\" content=\"@monmedenligne\" \/>\n<meta name=\"twitter:label1\" content=\"\u00c9crit par\" \/>\n\t<meta name=\"twitter:data1\" content=\"Dr L.Quenum\" \/>\n\t<meta name=\"twitter:label2\" content=\"Dur\u00e9e de lecture estim\u00e9e\" \/>\n\t<meta name=\"twitter:data2\" content=\"3 minutes\" \/>\n<script type=\"application\/ld+json\" class=\"yoast-schema-graph\">{\"@context\":\"https:\/\/schema.org\",\"@graph\":[{\"@type\":\"WebSite\",\"@id\":\"https:\/\/monmedenligne.com\/Blog\/#website\",\"url\":\"https:\/\/monmedenligne.com\/Blog\/\",\"name\":\"MonmedMag\",\"description\":\"La maladie tue, l&#039;ignorance aussi\",\"potentialAction\":[{\"@type\":\"SearchAction\",\"target\":{\"@type\":\"EntryPoint\",\"urlTemplate\":\"https:\/\/monmedenligne.com\/Blog\/?s={search_term_string}\"},\"query-input\":\"required name=search_term_string\"}],\"inLanguage\":\"fr-FR\"},{\"@type\":\"ImageObject\",\"@id\":\"https:\/\/monmedenligne.com\/Blog\/sante\/le-point-sur-le-cancer-de-la-prostate\/#primaryimage\",\"inLanguage\":\"fr-FR\",\"url\":\"https:\/\/monmedenligne.com\/Blog\/wp-content\/uploads\/2022\/05\/prostate.jpg\",\"contentUrl\":\"https:\/\/monmedenligne.com\/Blog\/wp-content\/uploads\/2022\/05\/prostate.jpg\",\"width\":648,\"height\":427},{\"@type\":\"WebPage\",\"@id\":\"https:\/\/monmedenligne.com\/Blog\/sante\/le-point-sur-le-cancer-de-la-prostate\/#webpage\",\"url\":\"https:\/\/monmedenligne.com\/Blog\/sante\/le-point-sur-le-cancer-de-la-prostate\/\",\"name\":\"LE POINT SUR LE CANCER DE LA PROSTATE - MonmedMag\",\"isPartOf\":{\"@id\":\"https:\/\/monmedenligne.com\/Blog\/#website\"},\"primaryImageOfPage\":{\"@id\":\"https:\/\/monmedenligne.com\/Blog\/sante\/le-point-sur-le-cancer-de-la-prostate\/#primaryimage\"},\"datePublished\":\"2022-05-31T10:01:39+00:00\",\"dateModified\":\"2022-05-31T22:17:23+00:00\",\"author\":{\"@id\":\"https:\/\/monmedenligne.com\/Blog\/#\/schema\/person\/b389785b33827165c13b50318b69ff69\"},\"description\":\"Le cancer de la prostate est une maladie qui se d\u00e9veloppe \u00e0 partir de cellules de la prostate, une petite glande sexuelle masculine\",\"breadcrumb\":{\"@id\":\"https:\/\/monmedenligne.com\/Blog\/sante\/le-point-sur-le-cancer-de-la-prostate\/#breadcrumb\"},\"inLanguage\":\"fr-FR\",\"potentialAction\":[{\"@type\":\"ReadAction\",\"target\":[\"https:\/\/monmedenligne.com\/Blog\/sante\/le-point-sur-le-cancer-de-la-prostate\/\"]}]},{\"@type\":\"BreadcrumbList\",\"@id\":\"https:\/\/monmedenligne.com\/Blog\/sante\/le-point-sur-le-cancer-de-la-prostate\/#breadcrumb\",\"itemListElement\":[{\"@type\":\"ListItem\",\"position\":1,\"name\":\"Accueil\",\"item\":\"https:\/\/monmedenligne.com\/Blog\/\"},{\"@type\":\"ListItem\",\"position\":2,\"name\":\"LE POINT SUR LE CANCER DE LA PROSTATE\"}]},{\"@type\":\"Person\",\"@id\":\"https:\/\/monmedenligne.com\/Blog\/#\/schema\/person\/b389785b33827165c13b50318b69ff69\",\"name\":\"Dr L.Quenum\",\"image\":{\"@type\":\"ImageObject\",\"@id\":\"https:\/\/monmedenligne.com\/Blog\/#personlogo\",\"inLanguage\":\"fr-FR\",\"url\":\"https:\/\/secure.gravatar.com\/avatar\/36207a182cf8efeb35eb55d1cb5cd54a?s=96&d=mm&r=g\",\"contentUrl\":\"https:\/\/secure.gravatar.com\/avatar\/36207a182cf8efeb35eb55d1cb5cd54a?s=96&d=mm&r=g\",\"caption\":\"Dr L.Quenum\"},\"url\":\"https:\/\/monmedenligne.com\/Blog\/author\/laurice-quenum\/\"}]}<\/script>\n<!-- \/ Yoast SEO plugin. -->","yoast_head_json":{"title":"LE POINT SUR LE CANCER DE LA PROSTATE - MonmedMag","description":"Le cancer de la prostate est une maladie qui se d\u00e9veloppe \u00e0 partir de cellules de la prostate, une petite glande sexuelle masculine","robots":{"index":"index","follow":"follow","max-snippet":"max-snippet:-1","max-image-preview":"max-image-preview:large","max-video-preview":"max-video-preview:-1"},"canonical":"https:\/\/monmedenligne.com\/Blog\/sante\/le-point-sur-le-cancer-de-la-prostate\/","og_locale":"fr_FR","og_type":"article","og_title":"LE POINT SUR LE CANCER DE LA PROSTATE - MonmedMag","og_description":"Le cancer de la prostate est une maladie qui se d\u00e9veloppe \u00e0 partir de cellules de la prostate, une petite glande sexuelle masculine","og_url":"https:\/\/monmedenligne.com\/Blog\/sante\/le-point-sur-le-cancer-de-la-prostate\/","og_site_name":"MonmedMag","article_publisher":"https:\/\/web.facebook.com\/MonMedEnligne","article_published_time":"2022-05-31T10:01:39+00:00","article_modified_time":"2022-05-31T22:17:23+00:00","og_image":[{"width":648,"height":427,"url":"https:\/\/monmedenligne.com\/Blog\/wp-content\/uploads\/2022\/05\/prostate.jpg","type":"image\/jpeg"}],"twitter_card":"summary_large_image","twitter_creator":"@monmedenligne","twitter_site":"@monmedenligne","twitter_misc":{"\u00c9crit par":"Dr L.Quenum","Dur\u00e9e de lecture estim\u00e9e":"3 minutes"},"schema":{"@context":"https:\/\/schema.org","@graph":[{"@type":"WebSite","@id":"https:\/\/monmedenligne.com\/Blog\/#website","url":"https:\/\/monmedenligne.com\/Blog\/","name":"MonmedMag","description":"La maladie tue, l&#039;ignorance aussi","potentialAction":[{"@type":"SearchAction","target":{"@type":"EntryPoint","urlTemplate":"https:\/\/monmedenligne.com\/Blog\/?s={search_term_string}"},"query-input":"required name=search_term_string"}],"inLanguage":"fr-FR"},{"@type":"ImageObject","@id":"https:\/\/monmedenligne.com\/Blog\/sante\/le-point-sur-le-cancer-de-la-prostate\/#primaryimage","inLanguage":"fr-FR","url":"https:\/\/monmedenligne.com\/Blog\/wp-content\/uploads\/2022\/05\/prostate.jpg","contentUrl":"https:\/\/monmedenligne.com\/Blog\/wp-content\/uploads\/2022\/05\/prostate.jpg","width":648,"height":427},{"@type":"WebPage","@id":"https:\/\/monmedenligne.com\/Blog\/sante\/le-point-sur-le-cancer-de-la-prostate\/#webpage","url":"https:\/\/monmedenligne.com\/Blog\/sante\/le-point-sur-le-cancer-de-la-prostate\/","name":"LE POINT SUR LE CANCER DE LA PROSTATE - MonmedMag","isPartOf":{"@id":"https:\/\/monmedenligne.com\/Blog\/#website"},"primaryImageOfPage":{"@id":"https:\/\/monmedenligne.com\/Blog\/sante\/le-point-sur-le-cancer-de-la-prostate\/#primaryimage"},"datePublished":"2022-05-31T10:01:39+00:00","dateModified":"2022-05-31T22:17:23+00:00","author":{"@id":"https:\/\/monmedenligne.com\/Blog\/#\/schema\/person\/b389785b33827165c13b50318b69ff69"},"description":"Le cancer de la prostate est une maladie qui se d\u00e9veloppe \u00e0 partir de cellules de la prostate, une petite glande sexuelle masculine","breadcrumb":{"@id":"https:\/\/monmedenligne.com\/Blog\/sante\/le-point-sur-le-cancer-de-la-prostate\/#breadcrumb"},"inLanguage":"fr-FR","potentialAction":[{"@type":"ReadAction","target":["https:\/\/monmedenligne.com\/Blog\/sante\/le-point-sur-le-cancer-de-la-prostate\/"]}]},{"@type":"BreadcrumbList","@id":"https:\/\/monmedenligne.com\/Blog\/sante\/le-point-sur-le-cancer-de-la-prostate\/#breadcrumb","itemListElement":[{"@type":"ListItem","position":1,"name":"Accueil","item":"https:\/\/monmedenligne.com\/Blog\/"},{"@type":"ListItem","position":2,"name":"LE POINT SUR LE CANCER DE LA PROSTATE"}]},{"@type":"Person","@id":"https:\/\/monmedenligne.com\/Blog\/#\/schema\/person\/b389785b33827165c13b50318b69ff69","name":"Dr L.Quenum","image":{"@type":"ImageObject","@id":"https:\/\/monmedenligne.com\/Blog\/#personlogo","inLanguage":"fr-FR","url":"https:\/\/secure.gravatar.com\/avatar\/36207a182cf8efeb35eb55d1cb5cd54a?s=96&d=mm&r=g","contentUrl":"https:\/\/secure.gravatar.com\/avatar\/36207a182cf8efeb35eb55d1cb5cd54a?s=96&d=mm&r=g","caption":"Dr L.Quenum"},"url":"https:\/\/monmedenligne.com\/Blog\/author\/laurice-quenum\/"}]}},"_links":{"self":[{"href":"https:\/\/monmedenligne.com\/Blog\/wp-json\/wp\/v2\/posts\/659"}],"collection":[{"href":"https:\/\/monmedenligne.com\/Blog\/wp-json\/wp\/v2\/posts"}],"about":[{"href":"https:\/\/monmedenligne.com\/Blog\/wp-json\/wp\/v2\/types\/post"}],"author":[{"embeddable":true,"href":"https:\/\/monmedenligne.com\/Blog\/wp-json\/wp\/v2\/users\/2"}],"replies":[{"embeddable":true,"href":"https:\/\/monmedenligne.com\/Blog\/wp-json\/wp\/v2\/comments?post=659"}],"version-history":[{"count":3,"href":"https:\/\/monmedenligne.com\/Blog\/wp-json\/wp\/v2\/posts\/659\/revisions"}],"predecessor-version":[{"id":666,"href":"https:\/\/monmedenligne.com\/Blog\/wp-json\/wp\/v2\/posts\/659\/revisions\/666"}],"wp:featuredmedia":[{"embeddable":true,"href":"https:\/\/monmedenligne.com\/Blog\/wp-json\/wp\/v2\/media\/670"}],"wp:attachment":[{"href":"https:\/\/monmedenligne.com\/Blog\/wp-json\/wp\/v2\/media?parent=659"}],"wp:term":[{"taxonomy":"category","embeddable":true,"href":"https:\/\/monmedenligne.com\/Blog\/wp-json\/wp\/v2\/categories?post=659"},{"taxonomy":"post_tag","embeddable":true,"href":"https:\/\/monmedenligne.com\/Blog\/wp-json\/wp\/v2\/tags?post=659"}],"curies":[{"name":"wp","href":"https:\/\/api.w.org\/{rel}","templated":true}]}}