{"id":685,"date":"2022-07-19T10:45:51","date_gmt":"2022-07-19T10:45:51","guid":{"rendered":"https:\/\/monmedenligne.com\/Blog\/?p=685"},"modified":"2022-07-19T15:01:42","modified_gmt":"2022-07-19T15:01:42","slug":"docteur-mon-enfant-begaie","status":"publish","type":"post","link":"https:\/\/monmedenligne.com\/Blog\/bien-etre\/docteur-mon-enfant-begaie\/","title":{"rendered":"DOCTEUR MON ENFANT B\u00c9GAIE !!"},"content":{"rendered":"\n<p class=\"has-medium-font-size\">Un enfant ou m\u00eame un adulte qui b\u00e9gaie dans notre entourage n\u2019est pas chose rare.&nbsp;Il est donc normal de se questionner sur ce sujet puisque personne ne souhaite voir se d\u00e9velopper chez son enfant une probl\u00e9matique particuli\u00e8re. Mais, il est important de bien conna\u00eetre le sujet puisque plusieurs enfants passent par ce qu\u2019on appelle le <strong>\u00ab&nbsp;b\u00e9gaiement transitoire&nbsp;\u00bb<\/strong> ou <strong>\u00ab&nbsp;h\u00e9sitation normale&nbsp;\u00bb<\/strong> au cours de leur d\u00e9veloppement dans le langage, et aussi afin de d\u00e9dramatiser la situation aux yeux des parents ou de les orienter.<\/p>\n\n\n\n<div id=\"ez-toc-container\" class=\"ez-toc-v2_0_55 counter-hierarchy ez-toc-counter ez-toc-grey ez-toc-container-direction\">\n<div class=\"ez-toc-title-container\">\n<p class=\"ez-toc-title \" >Sommaire <\/p>\n<span class=\"ez-toc-title-toggle\"><a href=\"#\" class=\"ez-toc-pull-right ez-toc-btn ez-toc-btn-xs ez-toc-btn-default ez-toc-toggle\" aria-label=\"Toggle Table of Content\" role=\"button\"><label for=\"item-69f4e8d8d31b8\" ><span class=\"\"><span style=\"display:none;\">Toggle<\/span><span class=\"ez-toc-icon-toggle-span\"><svg style=\"fill: #999;color:#999\" xmlns=\"http:\/\/www.w3.org\/2000\/svg\" class=\"list-377408\" width=\"20px\" height=\"20px\" viewBox=\"0 0 24 24\" fill=\"none\"><path d=\"M6 6H4v2h2V6zm14 0H8v2h12V6zM4 11h2v2H4v-2zm16 0H8v2h12v-2zM4 16h2v2H4v-2zm16 0H8v2h12v-2z\" fill=\"currentColor\"><\/path><\/svg><svg style=\"fill: #999;color:#999\" class=\"arrow-unsorted-368013\" xmlns=\"http:\/\/www.w3.org\/2000\/svg\" width=\"10px\" height=\"10px\" viewBox=\"0 0 24 24\" version=\"1.2\" baseProfile=\"tiny\"><path d=\"M18.2 9.3l-6.2-6.3-6.2 6.3c-.2.2-.3.4-.3.7s.1.5.3.7c.2.2.4.3.7.3h11c.3 0 .5-.1.7-.3.2-.2.3-.5.3-.7s-.1-.5-.3-.7zM5.8 14.7l6.2 6.3 6.2-6.3c.2-.2.3-.5.3-.7s-.1-.5-.3-.7c-.2-.2-.4-.3-.7-.3h-11c-.3 0-.5.1-.7.3-.2.2-.3.5-.3.7s.1.5.3.7z\"\/><\/svg><\/span><\/span><\/label><input aria-label=\"Toggle\" aria-label=\"item-69f4e8d8d31b8\"  type=\"checkbox\" id=\"item-69f4e8d8d31b8\"><\/a><\/span><\/div>\n<nav><ul class='ez-toc-list ez-toc-list-level-1 ' ><li class='ez-toc-page-1 ez-toc-heading-level-2'><a class=\"ez-toc-link ez-toc-heading-1\" href=\"https:\/\/monmedenligne.com\/Blog\/bien-etre\/docteur-mon-enfant-begaie\/#Qu%E2%80%99est-ce_que_le_begaiement\" title=\"Qu\u2019est-ce que le b\u00e9gaiement?\">Qu\u2019est-ce que le b\u00e9gaiement?<\/a><\/li><li class='ez-toc-page-1 ez-toc-heading-level-2'><a class=\"ez-toc-link ez-toc-heading-2\" href=\"https:\/\/monmedenligne.com\/Blog\/bien-etre\/docteur-mon-enfant-begaie\/#Qu%E2%80%99est-ce_que_le_begaiement_transitoire_ou_hesitation_normale\" title=\"Qu\u2019est-ce que le b\u00e9gaiement transitoire&nbsp;ou h\u00e9sitation normale ?\">Qu\u2019est-ce que le b\u00e9gaiement transitoire&nbsp;ou h\u00e9sitation normale ?<\/a><\/li><li class='ez-toc-page-1 ez-toc-heading-level-2'><a class=\"ez-toc-link ez-toc-heading-3\" href=\"https:\/\/monmedenligne.com\/Blog\/bien-etre\/docteur-mon-enfant-begaie\/#_Les_causes_du_begaiement\" title=\"&nbsp;Les causes du b\u00e9gaiement\">&nbsp;Les causes du b\u00e9gaiement<\/a><\/li><li class='ez-toc-page-1 ez-toc-heading-level-2'><a class=\"ez-toc-link ez-toc-heading-4\" href=\"https:\/\/monmedenligne.com\/Blog\/bien-etre\/docteur-mon-enfant-begaie\/#Les_manifestations_du_begaiement\" title=\"Les manifestations du b\u00e9gaiement\">Les manifestations du b\u00e9gaiement<\/a><\/li><li class='ez-toc-page-1 ez-toc-heading-level-2'><a class=\"ez-toc-link ez-toc-heading-5\" href=\"https:\/\/monmedenligne.com\/Blog\/bien-etre\/docteur-mon-enfant-begaie\/#Comment_aider_un_enfant_qui_begaie_ou_qui_hesite\" title=\"Comment aider un enfant qui b\u00e9gaie ou qui h\u00e9site?\">Comment aider un enfant qui b\u00e9gaie ou qui h\u00e9site?<\/a><\/li><li class='ez-toc-page-1 ez-toc-heading-level-2'><a class=\"ez-toc-link ez-toc-heading-6\" href=\"https:\/\/monmedenligne.com\/Blog\/bien-etre\/docteur-mon-enfant-begaie\/#Quand_consulter\" title=\"Quand consulter?\">Quand consulter?<\/a><\/li><\/ul><\/nav><\/div>\n<h2 class=\"has-vivid-cyan-blue-color has-text-color\"><span class=\"ez-toc-section\" id=\"Qu%E2%80%99est-ce_que_le_begaiement\"><\/span><strong>Qu\u2019est-ce que le b\u00e9gaiement?<\/strong><span class=\"ez-toc-section-end\"><\/span><\/h2>\n\n\n\n<p class=\"has-medium-font-size\">Le b\u00e9gaiement est un trouble de la parole qui se manifeste par la r\u00e9p\u00e9tition saccad\u00e9e d\u2019une syllabe ou d\u2019un mot ou par le blocage emp\u00eachant l\u2019\u00e9mission d\u2019un mot. C&rsquo;est une source d&rsquo;anxi\u00e9t\u00e9&nbsp;pouvant aller jusqu&rsquo;\u00e0&nbsp;la&nbsp;phobie&nbsp;de la parole et parfois le&nbsp;mutisme.&nbsp;Le b\u00e9gaiement se d\u00e9veloppe g\u00e9n\u00e9ralement entre 2 et 5 ans et est plus fr\u00e9quent chez les gar\u00e7ons.<\/p>\n\n\n\n<p class=\"has-medium-font-size\">Tr\u00e8s souvent,&nbsp;certaines situations ont tendance \u00e0 accentuer le b\u00e9gaiement&nbsp;comme le stress, ou d\u2019autres \u00e9motions fortes.&nbsp;<\/p>\n\n\n\n<h2 class=\"has-vivid-cyan-blue-color has-text-color\"><span class=\"ez-toc-section\" id=\"Qu%E2%80%99est-ce_que_le_begaiement_transitoire_ou_hesitation_normale\"><\/span><strong>Qu\u2019est-ce que le b\u00e9gaiement transitoire&nbsp;ou h\u00e9sitation normale ?<\/strong><span class=\"ez-toc-section-end\"><\/span><\/h2>\n\n\n\n<p class=\"has-medium-font-size\">Entre 2 et 5 ans, l\u2019enfant d\u00e9veloppe son langage et peut \u00e9mettre quelques h\u00e9sitations pour parler. La ma\u00eetrise de certains sons ou mots peut \u00eatre difficile, et l\u2019enfant a du mal \u00e0 garder un rythme r\u00e9gulier pour s\u2019exprimer. Parfois il peut apparaitre suite \u00e0 une situation de stress chez l\u2019enfant, ou en cas de fatigue, surexcitation, la tristesse, etc\u2026<\/p>\n\n\n\n<p class=\"has-medium-font-size\">Cependant contrairement au b\u00e9gaiement pathologique, le b\u00e9gaiement transitoire disparait sans traitement au bout de 6 mois \u00e0 2 ans. Aussi dans le b\u00e9gaiement transitoire, il n\u2019y a pas de tension, ou de mouvements parasites de la face, des membres, du corps entier etc.) lorsque l\u2019enfant parle.<\/p>\n\n\n\n<h2 class=\"has-vivid-cyan-blue-color has-text-color\"><span class=\"ez-toc-section\" id=\"_Les_causes_du_begaiement\"><\/span>&nbsp;<strong>Les causes du b\u00e9gaiement<\/strong><span class=\"ez-toc-section-end\"><\/span><\/h2>\n\n\n\n<ul class=\"has-medium-font-size\"><li>La g\u00e9n\u00e9tique : le risque d\u2019avoir un enfant qui b\u00e9gaie lorsqu\u2019on b\u00e9gaie soi-m\u00eame est 3 fois plus grand que pour un parent non b\u00e8gue<\/li><li>Les souffrances psychologiques durant la petite enfance<\/li><li>Les difficult\u00e9s de d\u00e9veloppement de la parole et du langage : dans 40% des cas, le b\u00e9gaiement est associ\u00e9 \u00e0 un retard de parole.<\/li><\/ul>\n\n\n\n<h2 class=\"has-vivid-cyan-blue-color has-text-color\"><span class=\"ez-toc-section\" id=\"Les_manifestations_du_begaiement\"><\/span><strong>Les manifestations du b\u00e9gaiement<\/strong><span class=\"ez-toc-section-end\"><\/span><\/h2>\n\n\n\n<ul class=\"has-medium-font-size\"><li>Prolongement des sons de mots (ex.&nbsp;: c\u2019est un ssssssserpent)<\/li><li>R\u00e9p\u00e9tition des syllabes et des mots \u00e0 plusieurs reprises (ex.&nbsp;: c\u2019est, c\u2019est, c\u2019est le monsieur l\u00e0-bas)<\/li><li>Essoufflement en milieu de phrase ou difficult\u00e9s \u00e0 respirer<\/li><li>Tensions musculaires pendant la parole (contraction du corps, ou de la bouche, des mains, etc.)<\/li><li>Clignements des yeux&nbsp;&nbsp;<\/li><li>Tr\u00e9pignements&nbsp;<\/li><li>L\u2019enfant ne regarde pas son interlocuteur<\/li><li>L\u2019enfant \u00e9vite certains mots ou refuse cat\u00e9goriquement de parler \u00e0 certains moments<\/li><\/ul>\n\n\n\n<h2 class=\"has-vivid-cyan-blue-color has-text-color\"><span class=\"ez-toc-section\" id=\"Comment_aider_un_enfant_qui_begaie_ou_qui_hesite\"><\/span><strong>Comment aider un enfant qui b\u00e9gaie ou qui h\u00e9site?<\/strong><span class=\"ez-toc-section-end\"><\/span><\/h2>\n\n\n\n<ul class=\"has-medium-font-size\"><li>Il faut se rappeler qu\u2019il peut s\u2019agir d\u2019une \u00e9tape normale du d\u00e9veloppement du langage chez l\u2019enfant et \u00e9vitez de lui transmettre vos inqui\u00e9tudes.<\/li><li>Montrez \u00e0 l\u2019enfant que vous \u00eates int\u00e9ress\u00e9 par son message et non par la fa\u00e7on dont il le dit.<\/li><li>Laissez lui tout le temps n\u00e9cessaire pour terminer ses phrases sans l\u2019interrompre et sans parler \u00e0 sa place et soyez \u00e0 son \u00e9coute.<\/li><li>Parlez lui calmement avec des mots clairs et simples.<\/li><li>Assurez vous que l\u2019enfant est bien repos\u00e9 et qu\u2019il n\u2019est pas surexcit\u00e9.<\/li><li>Ne forcez jamais l\u2019enfant devant d\u2019autres.<\/li><li>Favorisez les activit\u00e9s motrices comme par exemple la p\u00e2te \u00e0 modeler, la peinture, le dessin, les jeux moteurs, etc. pour aider l\u2019enfant \u00e0 lib\u00e9rer la tension ressentie.<\/li><\/ul>\n\n\n\n<p class=\"has-luminous-vivid-orange-color has-text-color has-large-font-size\"><strong>Ce qu\u2019il faut absolument \u00e9viter\u2026<\/strong><\/p>\n\n\n\n<ul class=\"has-medium-font-size\"><li>Ne pas lui dire de parler plus lentement, de prendre une grande respiration ou de r\u00e9fl\u00e9chir avant de parler. \u00c0 la longue, en agissant ainsi, vous lui d\u00e9montrez qu\u2019il a de la difficult\u00e9 \u00e0 parler et cela peut avoir comme cons\u00e9quence d\u2019augmenter ses h\u00e9sitations et ses r\u00e9p\u00e9titions.<\/li><li>\u00c9vitez de le gronder ou de lui demander de mieux parler. Cela ajoutera de la pression inutile lorsqu\u2019il voudra s\u2019exprimer et ainsi, augmentera ses occasions de b\u00e9gaiement ou d\u2019h\u00e9sitation.<\/li><\/ul>\n\n\n\n<h2 class=\"has-vivid-cyan-blue-color has-text-color\"><span class=\"ez-toc-section\" id=\"Quand_consulter\"><\/span><strong>Quand consulter?<\/strong><span class=\"ez-toc-section-end\"><\/span><\/h2>\n\n\n\n<p class=\"has-medium-font-size\">Il serait important pour l\u2019enfant de consulter un orthophoniste si les difficult\u00e9s persistent au-del\u00e0 de 3 ou 4 ans&nbsp;; ou qu\u2019elles semblent s\u2019aggraver.<\/p>\n\n\n\n<p class=\"has-medium-font-size\">Si, en plus de r\u00e9p\u00e9ter et d\u2019h\u00e9siter \u00e0 parler, l\u2019enfant pr\u00e9sente de la tension quand il parle, cligne des yeux, fronce les sourcils ou fait des grimaces en parlant, il serait primordial de consulter rapidement.<\/p>\n\n\n\n<p class=\"has-medium-font-size\">Comme pour tous les troubles de la communication et du langage,&nbsp;l&rsquo;orthophoniste&nbsp;mettra en place une r\u00e9\u00e9ducation. Elle se fera&nbsp;en fonction du stade du b\u00e9gaiement&nbsp;: s&rsquo;il est naissant, install\u00e9 chez un enfant de plus de 6 ans ou chez un adulte.&nbsp;<\/p>\n\n\n\n<p class=\"has-medium-font-size\">Dans un second temps, un suivi par un psychologue ou (p\u00e9do)psychiatre est important afin de d\u00e9livrer l\u2019enfant de son anxi\u00e9t\u00e9.<\/p>\n","protected":false},"excerpt":{"rendered":"<p>Un enfant ou m\u00eame un adulte qui b\u00e9gaie dans notre entourage n\u2019est pas chose&hellip;<\/p>\n","protected":false},"author":2,"featured_media":689,"comment_status":"closed","ping_status":"open","sticky":false,"template":"","format":"standard","meta":[],"categories":[37,4],"tags":[199,200,123,201,178],"yoast_head":"<!-- This site is optimized with the Yoast SEO plugin v18.4.1 - https:\/\/yoast.com\/wordpress\/plugins\/seo\/ -->\n<title>DOCTEUR MON ENFANT B\u00c9GAIE !! - MonmedMag<\/title>\n<meta name=\"description\" content=\"Le b\u00e9gaiement est un trouble de la parole qui se manifeste par la r\u00e9p\u00e9tition saccad\u00e9e d\u2019une syllabe, ou d\u2019un mot ou par le blocage....\" \/>\n<meta name=\"robots\" content=\"index, follow, max-snippet:-1, max-image-preview:large, max-video-preview:-1\" \/>\n<link rel=\"canonical\" href=\"https:\/\/monmedenligne.com\/Blog\/bien-etre\/docteur-mon-enfant-begaie\/\" \/>\n<meta property=\"og:locale\" content=\"fr_FR\" \/>\n<meta property=\"og:type\" content=\"article\" \/>\n<meta property=\"og:title\" content=\"DOCTEUR MON ENFANT B\u00c9GAIE !! - MonmedMag\" \/>\n<meta property=\"og:description\" content=\"Le b\u00e9gaiement est un trouble de la parole qui se manifeste par la r\u00e9p\u00e9tition saccad\u00e9e d\u2019une syllabe, ou d\u2019un mot ou par le blocage....\" \/>\n<meta property=\"og:url\" content=\"https:\/\/monmedenligne.com\/Blog\/bien-etre\/docteur-mon-enfant-begaie\/\" \/>\n<meta property=\"og:site_name\" content=\"MonmedMag\" \/>\n<meta property=\"article:publisher\" content=\"https:\/\/web.facebook.com\/MonMedEnligne\" \/>\n<meta property=\"article:published_time\" content=\"2022-07-19T10:45:51+00:00\" \/>\n<meta property=\"article:modified_time\" content=\"2022-07-19T15:01:42+00:00\" \/>\n<meta property=\"og:image\" content=\"https:\/\/monmedenligne.com\/Blog\/wp-content\/uploads\/2022\/07\/beg2.jpg\" \/>\n\t<meta property=\"og:image:width\" content=\"660\" \/>\n\t<meta property=\"og:image:height\" content=\"371\" \/>\n\t<meta property=\"og:image:type\" content=\"image\/jpeg\" \/>\n<meta name=\"twitter:card\" content=\"summary_large_image\" \/>\n<meta name=\"twitter:creator\" content=\"@monmedenligne\" \/>\n<meta name=\"twitter:site\" content=\"@monmedenligne\" \/>\n<meta name=\"twitter:label1\" content=\"\u00c9crit par\" \/>\n\t<meta name=\"twitter:data1\" content=\"Dr L.Quenum\" \/>\n\t<meta name=\"twitter:label2\" content=\"Dur\u00e9e de lecture estim\u00e9e\" \/>\n\t<meta name=\"twitter:data2\" content=\"4 minutes\" \/>\n<script type=\"application\/ld+json\" class=\"yoast-schema-graph\">{\"@context\":\"https:\/\/schema.org\",\"@graph\":[{\"@type\":\"WebSite\",\"@id\":\"https:\/\/monmedenligne.com\/Blog\/#website\",\"url\":\"https:\/\/monmedenligne.com\/Blog\/\",\"name\":\"MonmedMag\",\"description\":\"La maladie tue, l&#039;ignorance aussi\",\"potentialAction\":[{\"@type\":\"SearchAction\",\"target\":{\"@type\":\"EntryPoint\",\"urlTemplate\":\"https:\/\/monmedenligne.com\/Blog\/?s={search_term_string}\"},\"query-input\":\"required name=search_term_string\"}],\"inLanguage\":\"fr-FR\"},{\"@type\":\"ImageObject\",\"@id\":\"https:\/\/monmedenligne.com\/Blog\/bien-etre\/docteur-mon-enfant-begaie\/#primaryimage\",\"inLanguage\":\"fr-FR\",\"url\":\"https:\/\/monmedenligne.com\/Blog\/wp-content\/uploads\/2022\/07\/beg2.jpg\",\"contentUrl\":\"https:\/\/monmedenligne.com\/Blog\/wp-content\/uploads\/2022\/07\/beg2.jpg\",\"width\":660,\"height\":371},{\"@type\":\"WebPage\",\"@id\":\"https:\/\/monmedenligne.com\/Blog\/bien-etre\/docteur-mon-enfant-begaie\/#webpage\",\"url\":\"https:\/\/monmedenligne.com\/Blog\/bien-etre\/docteur-mon-enfant-begaie\/\",\"name\":\"DOCTEUR MON ENFANT B\u00c9GAIE !! - MonmedMag\",\"isPartOf\":{\"@id\":\"https:\/\/monmedenligne.com\/Blog\/#website\"},\"primaryImageOfPage\":{\"@id\":\"https:\/\/monmedenligne.com\/Blog\/bien-etre\/docteur-mon-enfant-begaie\/#primaryimage\"},\"datePublished\":\"2022-07-19T10:45:51+00:00\",\"dateModified\":\"2022-07-19T15:01:42+00:00\",\"author\":{\"@id\":\"https:\/\/monmedenligne.com\/Blog\/#\/schema\/person\/b389785b33827165c13b50318b69ff69\"},\"description\":\"Le b\u00e9gaiement est un trouble de la parole qui se manifeste par la r\u00e9p\u00e9tition saccad\u00e9e d\u2019une syllabe, ou d\u2019un mot ou par le blocage....\",\"breadcrumb\":{\"@id\":\"https:\/\/monmedenligne.com\/Blog\/bien-etre\/docteur-mon-enfant-begaie\/#breadcrumb\"},\"inLanguage\":\"fr-FR\",\"potentialAction\":[{\"@type\":\"ReadAction\",\"target\":[\"https:\/\/monmedenligne.com\/Blog\/bien-etre\/docteur-mon-enfant-begaie\/\"]}]},{\"@type\":\"BreadcrumbList\",\"@id\":\"https:\/\/monmedenligne.com\/Blog\/bien-etre\/docteur-mon-enfant-begaie\/#breadcrumb\",\"itemListElement\":[{\"@type\":\"ListItem\",\"position\":1,\"name\":\"Accueil\",\"item\":\"https:\/\/monmedenligne.com\/Blog\/\"},{\"@type\":\"ListItem\",\"position\":2,\"name\":\"DOCTEUR MON ENFANT B\u00c9GAIE !!\"}]},{\"@type\":\"Person\",\"@id\":\"https:\/\/monmedenligne.com\/Blog\/#\/schema\/person\/b389785b33827165c13b50318b69ff69\",\"name\":\"Dr L.Quenum\",\"image\":{\"@type\":\"ImageObject\",\"@id\":\"https:\/\/monmedenligne.com\/Blog\/#personlogo\",\"inLanguage\":\"fr-FR\",\"url\":\"https:\/\/secure.gravatar.com\/avatar\/36207a182cf8efeb35eb55d1cb5cd54a?s=96&d=mm&r=g\",\"contentUrl\":\"https:\/\/secure.gravatar.com\/avatar\/36207a182cf8efeb35eb55d1cb5cd54a?s=96&d=mm&r=g\",\"caption\":\"Dr L.Quenum\"},\"url\":\"https:\/\/monmedenligne.com\/Blog\/author\/laurice-quenum\/\"}]}<\/script>\n<!-- \/ Yoast SEO plugin. -->","yoast_head_json":{"title":"DOCTEUR MON ENFANT B\u00c9GAIE !! - MonmedMag","description":"Le b\u00e9gaiement est un trouble de la parole qui se manifeste par la r\u00e9p\u00e9tition saccad\u00e9e d\u2019une syllabe, ou d\u2019un mot ou par le blocage....","robots":{"index":"index","follow":"follow","max-snippet":"max-snippet:-1","max-image-preview":"max-image-preview:large","max-video-preview":"max-video-preview:-1"},"canonical":"https:\/\/monmedenligne.com\/Blog\/bien-etre\/docteur-mon-enfant-begaie\/","og_locale":"fr_FR","og_type":"article","og_title":"DOCTEUR MON ENFANT B\u00c9GAIE !! - MonmedMag","og_description":"Le b\u00e9gaiement est un trouble de la parole qui se manifeste par la r\u00e9p\u00e9tition saccad\u00e9e d\u2019une syllabe, ou d\u2019un mot ou par le blocage....","og_url":"https:\/\/monmedenligne.com\/Blog\/bien-etre\/docteur-mon-enfant-begaie\/","og_site_name":"MonmedMag","article_publisher":"https:\/\/web.facebook.com\/MonMedEnligne","article_published_time":"2022-07-19T10:45:51+00:00","article_modified_time":"2022-07-19T15:01:42+00:00","og_image":[{"width":660,"height":371,"url":"https:\/\/monmedenligne.com\/Blog\/wp-content\/uploads\/2022\/07\/beg2.jpg","type":"image\/jpeg"}],"twitter_card":"summary_large_image","twitter_creator":"@monmedenligne","twitter_site":"@monmedenligne","twitter_misc":{"\u00c9crit par":"Dr L.Quenum","Dur\u00e9e de lecture estim\u00e9e":"4 minutes"},"schema":{"@context":"https:\/\/schema.org","@graph":[{"@type":"WebSite","@id":"https:\/\/monmedenligne.com\/Blog\/#website","url":"https:\/\/monmedenligne.com\/Blog\/","name":"MonmedMag","description":"La maladie tue, l&#039;ignorance aussi","potentialAction":[{"@type":"SearchAction","target":{"@type":"EntryPoint","urlTemplate":"https:\/\/monmedenligne.com\/Blog\/?s={search_term_string}"},"query-input":"required name=search_term_string"}],"inLanguage":"fr-FR"},{"@type":"ImageObject","@id":"https:\/\/monmedenligne.com\/Blog\/bien-etre\/docteur-mon-enfant-begaie\/#primaryimage","inLanguage":"fr-FR","url":"https:\/\/monmedenligne.com\/Blog\/wp-content\/uploads\/2022\/07\/beg2.jpg","contentUrl":"https:\/\/monmedenligne.com\/Blog\/wp-content\/uploads\/2022\/07\/beg2.jpg","width":660,"height":371},{"@type":"WebPage","@id":"https:\/\/monmedenligne.com\/Blog\/bien-etre\/docteur-mon-enfant-begaie\/#webpage","url":"https:\/\/monmedenligne.com\/Blog\/bien-etre\/docteur-mon-enfant-begaie\/","name":"DOCTEUR MON ENFANT B\u00c9GAIE !! - MonmedMag","isPartOf":{"@id":"https:\/\/monmedenligne.com\/Blog\/#website"},"primaryImageOfPage":{"@id":"https:\/\/monmedenligne.com\/Blog\/bien-etre\/docteur-mon-enfant-begaie\/#primaryimage"},"datePublished":"2022-07-19T10:45:51+00:00","dateModified":"2022-07-19T15:01:42+00:00","author":{"@id":"https:\/\/monmedenligne.com\/Blog\/#\/schema\/person\/b389785b33827165c13b50318b69ff69"},"description":"Le b\u00e9gaiement est un trouble de la parole qui se manifeste par la r\u00e9p\u00e9tition saccad\u00e9e d\u2019une syllabe, ou d\u2019un mot ou par le blocage....","breadcrumb":{"@id":"https:\/\/monmedenligne.com\/Blog\/bien-etre\/docteur-mon-enfant-begaie\/#breadcrumb"},"inLanguage":"fr-FR","potentialAction":[{"@type":"ReadAction","target":["https:\/\/monmedenligne.com\/Blog\/bien-etre\/docteur-mon-enfant-begaie\/"]}]},{"@type":"BreadcrumbList","@id":"https:\/\/monmedenligne.com\/Blog\/bien-etre\/docteur-mon-enfant-begaie\/#breadcrumb","itemListElement":[{"@type":"ListItem","position":1,"name":"Accueil","item":"https:\/\/monmedenligne.com\/Blog\/"},{"@type":"ListItem","position":2,"name":"DOCTEUR MON ENFANT B\u00c9GAIE !!"}]},{"@type":"Person","@id":"https:\/\/monmedenligne.com\/Blog\/#\/schema\/person\/b389785b33827165c13b50318b69ff69","name":"Dr L.Quenum","image":{"@type":"ImageObject","@id":"https:\/\/monmedenligne.com\/Blog\/#personlogo","inLanguage":"fr-FR","url":"https:\/\/secure.gravatar.com\/avatar\/36207a182cf8efeb35eb55d1cb5cd54a?s=96&d=mm&r=g","contentUrl":"https:\/\/secure.gravatar.com\/avatar\/36207a182cf8efeb35eb55d1cb5cd54a?s=96&d=mm&r=g","caption":"Dr L.Quenum"},"url":"https:\/\/monmedenligne.com\/Blog\/author\/laurice-quenum\/"}]}},"_links":{"self":[{"href":"https:\/\/monmedenligne.com\/Blog\/wp-json\/wp\/v2\/posts\/685"}],"collection":[{"href":"https:\/\/monmedenligne.com\/Blog\/wp-json\/wp\/v2\/posts"}],"about":[{"href":"https:\/\/monmedenligne.com\/Blog\/wp-json\/wp\/v2\/types\/post"}],"author":[{"embeddable":true,"href":"https:\/\/monmedenligne.com\/Blog\/wp-json\/wp\/v2\/users\/2"}],"replies":[{"embeddable":true,"href":"https:\/\/monmedenligne.com\/Blog\/wp-json\/wp\/v2\/comments?post=685"}],"version-history":[{"count":2,"href":"https:\/\/monmedenligne.com\/Blog\/wp-json\/wp\/v2\/posts\/685\/revisions"}],"predecessor-version":[{"id":691,"href":"https:\/\/monmedenligne.com\/Blog\/wp-json\/wp\/v2\/posts\/685\/revisions\/691"}],"wp:featuredmedia":[{"embeddable":true,"href":"https:\/\/monmedenligne.com\/Blog\/wp-json\/wp\/v2\/media\/689"}],"wp:attachment":[{"href":"https:\/\/monmedenligne.com\/Blog\/wp-json\/wp\/v2\/media?parent=685"}],"wp:term":[{"taxonomy":"category","embeddable":true,"href":"https:\/\/monmedenligne.com\/Blog\/wp-json\/wp\/v2\/categories?post=685"},{"taxonomy":"post_tag","embeddable":true,"href":"https:\/\/monmedenligne.com\/Blog\/wp-json\/wp\/v2\/tags?post=685"}],"curies":[{"name":"wp","href":"https:\/\/api.w.org\/{rel}","templated":true}]}}