{"id":696,"date":"2022-09-06T09:29:02","date_gmt":"2022-09-06T09:29:02","guid":{"rendered":"https:\/\/monmedenligne.com\/Blog\/?p=696"},"modified":"2022-09-06T09:40:37","modified_gmt":"2022-09-06T09:40:37","slug":"loreillon-un-mal-revolu-ou-dactualite","status":"publish","type":"post","link":"https:\/\/monmedenligne.com\/Blog\/sante\/loreillon-un-mal-revolu-ou-dactualite\/","title":{"rendered":"L&rsquo;OREILLON : UN MAL R\u00c9VOLU OU D&rsquo;ACTUALIT\u00c9 ?"},"content":{"rendered":"\n<p class=\"has-black-color has-text-color has-medium-font-size\">Un c\u00f4t\u00e9 du visage qui commence \u00e0 faire mal puis s&rsquo;enfler le lendemain ; la douleur et la bosse qui continuent de s\u2019intensifier au point de prendre toute l&rsquo;oreille et parfois la joue. \u00e7a y est vous \u00eates d\u00e9figur\u00e9! L&rsquo;oreillon a gagn\u00e9 la bataille. Pour plusieurs jours vous serez m\u00e9connu de vos proches et aurez peut-\u00eatre m\u00eame honte de sortir. C&rsquo;est \u00e0 ce moment pr\u00e9cis que l&rsquo;on commence \u00e0 chercher les produits miracles ! Entre tradi-th\u00e9rapeutre, autom\u00e9dication, conseils sant\u00e9, pharmacien et m\u00e9decin, on est pr\u00eat \u00e0 tout pour gu\u00e9rir et retrouver son visage habituel, surtout dans le cas des adultes. <\/p>\n\n\n\n<p class=\"has-black-color has-text-color has-medium-font-size\">Ce texte se veut d&rsquo;apporter une explication claire et pr\u00e9cise sur \u00ab\u00a0l&rsquo;oreillon\u00a0\u00bb. Et \u00e9galement la conduite \u00e0 tenir pour en finir efficacement.<\/p>\n\n\n\n<div id=\"ez-toc-container\" class=\"ez-toc-v2_0_55 counter-hierarchy ez-toc-counter ez-toc-grey ez-toc-container-direction\">\n<div class=\"ez-toc-title-container\">\n<p class=\"ez-toc-title \" >Sommaire <\/p>\n<span class=\"ez-toc-title-toggle\"><a href=\"#\" class=\"ez-toc-pull-right ez-toc-btn ez-toc-btn-xs ez-toc-btn-default ez-toc-toggle\" aria-label=\"Toggle Table of Content\" role=\"button\"><label for=\"item-69f55499eebb2\" ><span class=\"\"><span style=\"display:none;\">Toggle<\/span><span class=\"ez-toc-icon-toggle-span\"><svg style=\"fill: #999;color:#999\" xmlns=\"http:\/\/www.w3.org\/2000\/svg\" class=\"list-377408\" width=\"20px\" height=\"20px\" viewBox=\"0 0 24 24\" fill=\"none\"><path d=\"M6 6H4v2h2V6zm14 0H8v2h12V6zM4 11h2v2H4v-2zm16 0H8v2h12v-2zM4 16h2v2H4v-2zm16 0H8v2h12v-2z\" fill=\"currentColor\"><\/path><\/svg><svg style=\"fill: #999;color:#999\" class=\"arrow-unsorted-368013\" xmlns=\"http:\/\/www.w3.org\/2000\/svg\" width=\"10px\" height=\"10px\" viewBox=\"0 0 24 24\" version=\"1.2\" baseProfile=\"tiny\"><path d=\"M18.2 9.3l-6.2-6.3-6.2 6.3c-.2.2-.3.4-.3.7s.1.5.3.7c.2.2.4.3.7.3h11c.3 0 .5-.1.7-.3.2-.2.3-.5.3-.7s-.1-.5-.3-.7zM5.8 14.7l6.2 6.3 6.2-6.3c.2-.2.3-.5.3-.7s-.1-.5-.3-.7c-.2-.2-.4-.3-.7-.3h-11c-.3 0-.5.1-.7.3-.2.2-.3.5-.3.7s.1.5.3.7z\"\/><\/svg><\/span><\/span><\/label><input aria-label=\"Toggle\" aria-label=\"item-69f55499eebb2\"  type=\"checkbox\" id=\"item-69f55499eebb2\"><\/a><\/span><\/div>\n<nav><ul class='ez-toc-list ez-toc-list-level-1 ' ><li class='ez-toc-page-1 ez-toc-heading-level-2'><a class=\"ez-toc-link ez-toc-heading-1\" href=\"https:\/\/monmedenligne.com\/Blog\/sante\/loreillon-un-mal-revolu-ou-dactualite\/#Qu%E2%80%99est-ce_que_l%E2%80%99oreillon\" title=\"Qu\u2019est-ce que l\u2019oreillon&nbsp;?\">Qu\u2019est-ce que l\u2019oreillon&nbsp;?<\/a><\/li><li class='ez-toc-page-1 ez-toc-heading-level-2'><a class=\"ez-toc-link ez-toc-heading-2\" href=\"https:\/\/monmedenligne.com\/Blog\/sante\/loreillon-un-mal-revolu-ou-dactualite\/#Comment_s%E2%80%99infecte-t-on\" title=\"Comment s\u2019infecte-t-on&nbsp;?\">Comment s\u2019infecte-t-on&nbsp;?<\/a><\/li><li class='ez-toc-page-1 ez-toc-heading-level-2'><a class=\"ez-toc-link ez-toc-heading-3\" href=\"https:\/\/monmedenligne.com\/Blog\/sante\/loreillon-un-mal-revolu-ou-dactualite\/#Comment_se_manifeste_la_maladie\" title=\"Comment se manifeste la maladie&nbsp;?\">Comment se manifeste la maladie&nbsp;?<\/a><\/li><li class='ez-toc-page-1 ez-toc-heading-level-2'><a class=\"ez-toc-link ez-toc-heading-4\" href=\"https:\/\/monmedenligne.com\/Blog\/sante\/loreillon-un-mal-revolu-ou-dactualite\/#Moyens_de_prevention\" title=\"Moyens de pr\u00e9vention\">Moyens de pr\u00e9vention<\/a><\/li><li class='ez-toc-page-1 ez-toc-heading-level-2'><a class=\"ez-toc-link ez-toc-heading-5\" href=\"https:\/\/monmedenligne.com\/Blog\/sante\/loreillon-un-mal-revolu-ou-dactualite\/#Comment_traiter_l%E2%80%99oreillon\" title=\"Comment traiter l\u2019oreillon&nbsp;?\">Comment traiter l\u2019oreillon&nbsp;?<\/a><\/li><li class='ez-toc-page-1 ez-toc-heading-level-2'><a class=\"ez-toc-link ez-toc-heading-6\" href=\"https:\/\/monmedenligne.com\/Blog\/sante\/loreillon-un-mal-revolu-ou-dactualite\/#Conseils\" title=\"Conseils&nbsp;!\">Conseils&nbsp;!<\/a><\/li><\/ul><\/nav><\/div>\n<h2 class=\"has-vivid-cyan-blue-color has-text-color\"><span class=\"ez-toc-section\" id=\"Qu%E2%80%99est-ce_que_l%E2%80%99oreillon\"><\/span><strong>Qu\u2019est-ce que l\u2019oreillon&nbsp;?<\/strong><span class=\"ez-toc-section-end\"><\/span><\/h2>\n\n\n\n<p class=\"has-medium-font-size\">L&rsquo;oreillon est une <strong><em><span class=\"has-inline-color has-luminous-vivid-orange-color\">infection virale<\/span><\/em><\/strong> due au <strong><em>virus ourlien<\/em><\/strong>, encore appel\u00e9 \u00ab\u00a0<strong><em>paramyxovirus<\/em><\/strong>\u00ab\u00a0. Il s&rsquo;agit d&rsquo;une <strong><em><span class=\"has-inline-color has-luminous-vivid-orange-color\">maladie contagieuse<\/span><\/em><\/strong> qui atteint le plus souvent les enfants. Cependant la maladie n&rsquo;est pas exclue chez l&rsquo;adulte.  Les professionnels de sant\u00e9 le surnomment encore \u00ab\u00a0<strong><em>parotide ourlienne<\/em><\/strong>\u00a0\u00bb car elle atteint les glandes parotides et \u00e9galement salivaires. Ces derni\u00e8res seront m\u00eame le principal canal de contamination.<\/p>\n\n\n\n<h2 class=\"has-vivid-cyan-blue-color has-text-color\"><span class=\"ez-toc-section\" id=\"Comment_s%E2%80%99infecte-t-on\"><\/span><strong>Comment s\u2019infecte-t-on&nbsp;?<\/strong><span class=\"ez-toc-section-end\"><\/span><\/h2>\n\n\n\n<p class=\"has-medium-font-size\">La salive projet\u00e9e par une personne infect\u00e9e peut contaminer une autre et lui transmettre ainsi le virus. Cette derni\u00e8re fera alors la maladie. Les moyens de propagation de la maladie sont donc les gouttelettes en suspension dans l&rsquo;air lors des toux ou des \u00e9ternuements ou d\u2019une conversation (un peu comme pour la grippe ou la COVID-19) ou encore le simple contact avec une surface contamin\u00e9e par le virus.<\/p>\n\n\n\n<h2 class=\"has-vivid-cyan-blue-color has-text-color\"><span class=\"ez-toc-section\" id=\"Comment_se_manifeste_la_maladie\"><\/span><strong>Comment se manifeste la maladie&nbsp;?<\/strong><span class=\"ez-toc-section-end\"><\/span><\/h2>\n\n\n\n<p class=\"has-medium-font-size\">Apr\u00e8s exposition au virus, les sympt\u00f4mes de l&rsquo;oreillons apparaissent \u00e0 partir de la deuxi\u00e8me voire la troisi\u00e8me semaine.<\/p>\n\n\n\n<p class=\"has-medium-font-size\">En premier, on a des sympt\u00f4mes pseudo-grippaux&nbsp;:<\/p>\n\n\n\n<ul class=\"has-medium-font-size\"><li>Maux de t\u00eate&nbsp;;<\/li><li>Petite fi\u00e8vre&nbsp;;<\/li><li>Fatigue g\u00e9n\u00e9rale&nbsp;;<\/li><li>Naus\u00e9es et perte d\u2019app\u00e9tit&nbsp;;<\/li><li>Courbatures&nbsp;;<\/li><\/ul>\n\n\n\n<p class=\"has-medium-font-size\">Puis dans les jours qui suivent, apparait&nbsp;:<\/p>\n\n\n\n<ul class=\"has-medium-font-size\"><li>Un gonflement progressif sur un ou les deux c\u00f4t\u00e9s du visage parfois douloureux.<\/li><li>Avec difficult\u00e9s \u00e0 avaler de la nourriture&nbsp;;<\/li><li>Des douleurs articulaires&nbsp;;<\/li><li>Et la fi\u00e8vre qui devient forte pouvant atteindre 39<sup>o<\/sup>&nbsp;C&nbsp;;<\/li><\/ul>\n\n\n\n<h2 class=\"has-vivid-cyan-blue-color has-text-color\"><span class=\"ez-toc-section\" id=\"Moyens_de_prevention\"><\/span><strong>Moyens de pr\u00e9vention<\/strong><span class=\"ez-toc-section-end\"><\/span><\/h2>\n\n\n\n<p class=\"has-medium-font-size\">Depuis un moment l&rsquo;oreillon a pris du recul sous nos cieux et il devient de plus en plus rare de voir des personnes infect\u00e9es. Nous devons cela au <strong><em><span class=\"has-inline-color has-luminous-vivid-orange-color\">vaccin ROR<\/span><\/em><\/strong>, le vaccin contre la Rougeole, l&rsquo;oreillon et la rub\u00e9ole administr\u00e9e entre 12 et 15 mois normalement. Cependant si vous ne l&rsquo;aviez pas fait pas de panique ; il existe les injections de rattrapage de deux doses \u00e0 au moins un mois d&rsquo;intervalle.<\/p>\n\n\n\n<h2 class=\"has-vivid-cyan-blue-color has-text-color\"><span class=\"ez-toc-section\" id=\"Comment_traiter_l%E2%80%99oreillon\"><\/span><strong>Comment traiter l\u2019oreillon&nbsp;?<\/strong><span class=\"ez-toc-section-end\"><\/span><\/h2>\n\n\n\n<p class=\"has-medium-font-size\">Le traitement est essentiellement symptomatique et se fait donc au cas par cas. C&rsquo;est la raison pour laquelle il est recommand\u00e9 d&rsquo;\u00e9viter l&rsquo;autom\u00e9dication et de consulter un professionnel de sant\u00e9 pour une prise en charge efficace. Vite et bien prise en charge, la gu\u00e9rison ne tarde pas&#8230;elle prend environ deux semaines. Cependant il est recommand\u00e9 pendant ce temps \u00e0 la personne infect\u00e9e de bien se pr\u00e9server et se prot\u00e9ger pour \u00e9viter de contaminer l&rsquo;entourage.<\/p>\n\n\n\n<p class=\"has-medium-font-size\">La prise des compl\u00e9ments nutritionnels \u00e0 base de vitamine C et du zinc contribue \u00e0 renforcer le syst\u00e8me immunitaire pour une meilleure lutte contre le virus.<\/p>\n\n\n\n<h2 class=\"has-vivid-cyan-blue-color has-text-color\"><span class=\"ez-toc-section\" id=\"Conseils\"><\/span><strong>Conseils&nbsp;!<\/strong><span class=\"ez-toc-section-end\"><\/span><\/h2>\n\n\n\n<p class=\"has-medium-font-size\">L&rsquo;oreillon n&rsquo;est pas une fatalit\u00e9 mais tout comme la plupart des maladies contagieuses, c&rsquo;est la pr\u00e9servation de chaque patient ainsi que le suivi ad\u00e9quat par un professionnel de sant\u00e9 qualifi\u00e9 qui conduira \u00e0 un bon r\u00e9tablissement tout en \u00e9vitant la propagation. La vaccination est le meilleur moyen de pr\u00e9vention et l&rsquo;arme principale contre cette maladie ; <span class=\"has-inline-color has-luminous-vivid-orange-color\"><strong>faites donc vacciner vos enfants\u00a0!!!<\/strong><\/span><\/p>\n","protected":false},"excerpt":{"rendered":"<p>Un c\u00f4t\u00e9 du visage qui commence \u00e0 faire mal puis s&rsquo;enfler le lendemain ;&hellip;<\/p>\n","protected":false},"author":3,"featured_media":698,"comment_status":"closed","ping_status":"open","sticky":false,"template":"","format":"standard","meta":[],"categories":[4],"tags":[200,54,202,203,52],"yoast_head":"<!-- This site is optimized with the Yoast SEO plugin v18.4.1 - https:\/\/yoast.com\/wordpress\/plugins\/seo\/ -->\n<title>L&#039;OREILLON : UN MAL R\u00c9VOLU OU D&#039;ACTUALIT\u00c9 ? - MonmedMag<\/title>\n<meta name=\"description\" content=\"L&#039;oreillon est une infection virale due au virus ourlien, du genre rubulavirus. Il s&#039;agit d&#039;une maladie contagieuse.\" \/>\n<meta name=\"robots\" content=\"index, follow, max-snippet:-1, max-image-preview:large, max-video-preview:-1\" \/>\n<link rel=\"canonical\" href=\"https:\/\/monmedenligne.com\/Blog\/sante\/loreillon-un-mal-revolu-ou-dactualite\/\" \/>\n<meta property=\"og:locale\" content=\"fr_FR\" \/>\n<meta property=\"og:type\" content=\"article\" \/>\n<meta property=\"og:title\" content=\"L&#039;OREILLON : UN MAL R\u00c9VOLU OU D&#039;ACTUALIT\u00c9 ? - MonmedMag\" \/>\n<meta property=\"og:description\" content=\"L&#039;oreillon est une infection virale due au virus ourlien, du genre rubulavirus. Il s&#039;agit d&#039;une maladie contagieuse.\" \/>\n<meta property=\"og:url\" content=\"https:\/\/monmedenligne.com\/Blog\/sante\/loreillon-un-mal-revolu-ou-dactualite\/\" \/>\n<meta property=\"og:site_name\" content=\"MonmedMag\" \/>\n<meta property=\"article:publisher\" content=\"https:\/\/web.facebook.com\/MonMedEnligne\" \/>\n<meta property=\"article:published_time\" content=\"2022-09-06T09:29:02+00:00\" \/>\n<meta property=\"article:modified_time\" content=\"2022-09-06T09:40:37+00:00\" \/>\n<meta property=\"og:image\" content=\"https:\/\/monmedenligne.com\/Blog\/wp-content\/uploads\/2022\/09\/oreillondeux.jpeg\" \/>\n\t<meta property=\"og:image:width\" content=\"800\" \/>\n\t<meta property=\"og:image:height\" content=\"390\" \/>\n\t<meta property=\"og:image:type\" content=\"image\/jpeg\" \/>\n<meta name=\"twitter:card\" content=\"summary_large_image\" \/>\n<meta name=\"twitter:creator\" content=\"@monmedenligne\" \/>\n<meta name=\"twitter:site\" content=\"@monmedenligne\" \/>\n<meta name=\"twitter:label1\" content=\"\u00c9crit par\" \/>\n\t<meta name=\"twitter:data1\" content=\"Ornella Sabi\" \/>\n\t<meta name=\"twitter:label2\" content=\"Dur\u00e9e de lecture estim\u00e9e\" \/>\n\t<meta name=\"twitter:data2\" content=\"3 minutes\" \/>\n<script type=\"application\/ld+json\" class=\"yoast-schema-graph\">{\"@context\":\"https:\/\/schema.org\",\"@graph\":[{\"@type\":\"WebSite\",\"@id\":\"https:\/\/monmedenligne.com\/Blog\/#website\",\"url\":\"https:\/\/monmedenligne.com\/Blog\/\",\"name\":\"MonmedMag\",\"description\":\"La maladie tue, l&#039;ignorance aussi\",\"potentialAction\":[{\"@type\":\"SearchAction\",\"target\":{\"@type\":\"EntryPoint\",\"urlTemplate\":\"https:\/\/monmedenligne.com\/Blog\/?s={search_term_string}\"},\"query-input\":\"required name=search_term_string\"}],\"inLanguage\":\"fr-FR\"},{\"@type\":\"ImageObject\",\"@id\":\"https:\/\/monmedenligne.com\/Blog\/sante\/loreillon-un-mal-revolu-ou-dactualite\/#primaryimage\",\"inLanguage\":\"fr-FR\",\"url\":\"https:\/\/monmedenligne.com\/Blog\/wp-content\/uploads\/2022\/09\/oreillondeux.jpeg\",\"contentUrl\":\"https:\/\/monmedenligne.com\/Blog\/wp-content\/uploads\/2022\/09\/oreillondeux.jpeg\",\"width\":800,\"height\":390},{\"@type\":\"WebPage\",\"@id\":\"https:\/\/monmedenligne.com\/Blog\/sante\/loreillon-un-mal-revolu-ou-dactualite\/#webpage\",\"url\":\"https:\/\/monmedenligne.com\/Blog\/sante\/loreillon-un-mal-revolu-ou-dactualite\/\",\"name\":\"L'OREILLON : UN MAL R\u00c9VOLU OU D'ACTUALIT\u00c9 ? - MonmedMag\",\"isPartOf\":{\"@id\":\"https:\/\/monmedenligne.com\/Blog\/#website\"},\"primaryImageOfPage\":{\"@id\":\"https:\/\/monmedenligne.com\/Blog\/sante\/loreillon-un-mal-revolu-ou-dactualite\/#primaryimage\"},\"datePublished\":\"2022-09-06T09:29:02+00:00\",\"dateModified\":\"2022-09-06T09:40:37+00:00\",\"author\":{\"@id\":\"https:\/\/monmedenligne.com\/Blog\/#\/schema\/person\/92ceb3a929386accacd02e187da53cf4\"},\"description\":\"L'oreillon est une infection virale due au virus ourlien, du genre rubulavirus. Il s'agit d'une maladie contagieuse.\",\"breadcrumb\":{\"@id\":\"https:\/\/monmedenligne.com\/Blog\/sante\/loreillon-un-mal-revolu-ou-dactualite\/#breadcrumb\"},\"inLanguage\":\"fr-FR\",\"potentialAction\":[{\"@type\":\"ReadAction\",\"target\":[\"https:\/\/monmedenligne.com\/Blog\/sante\/loreillon-un-mal-revolu-ou-dactualite\/\"]}]},{\"@type\":\"BreadcrumbList\",\"@id\":\"https:\/\/monmedenligne.com\/Blog\/sante\/loreillon-un-mal-revolu-ou-dactualite\/#breadcrumb\",\"itemListElement\":[{\"@type\":\"ListItem\",\"position\":1,\"name\":\"Accueil\",\"item\":\"https:\/\/monmedenligne.com\/Blog\/\"},{\"@type\":\"ListItem\",\"position\":2,\"name\":\"L&rsquo;OREILLON : UN MAL R\u00c9VOLU OU D&rsquo;ACTUALIT\u00c9 ?\"}]},{\"@type\":\"Person\",\"@id\":\"https:\/\/monmedenligne.com\/Blog\/#\/schema\/person\/92ceb3a929386accacd02e187da53cf4\",\"name\":\"Ornella Sabi\",\"image\":{\"@type\":\"ImageObject\",\"@id\":\"https:\/\/monmedenligne.com\/Blog\/#personlogo\",\"inLanguage\":\"fr-FR\",\"url\":\"https:\/\/secure.gravatar.com\/avatar\/f868c057a0fc76b58b49cba8b25eefec?s=96&d=mm&r=g\",\"contentUrl\":\"https:\/\/secure.gravatar.com\/avatar\/f868c057a0fc76b58b49cba8b25eefec?s=96&d=mm&r=g\",\"caption\":\"Ornella Sabi\"},\"url\":\"https:\/\/monmedenligne.com\/Blog\/author\/sabi\/\"}]}<\/script>\n<!-- \/ Yoast SEO plugin. -->","yoast_head_json":{"title":"L'OREILLON : UN MAL R\u00c9VOLU OU D'ACTUALIT\u00c9 ? - MonmedMag","description":"L'oreillon est une infection virale due au virus ourlien, du genre rubulavirus. Il s'agit d'une maladie contagieuse.","robots":{"index":"index","follow":"follow","max-snippet":"max-snippet:-1","max-image-preview":"max-image-preview:large","max-video-preview":"max-video-preview:-1"},"canonical":"https:\/\/monmedenligne.com\/Blog\/sante\/loreillon-un-mal-revolu-ou-dactualite\/","og_locale":"fr_FR","og_type":"article","og_title":"L'OREILLON : UN MAL R\u00c9VOLU OU D'ACTUALIT\u00c9 ? - MonmedMag","og_description":"L'oreillon est une infection virale due au virus ourlien, du genre rubulavirus. Il s'agit d'une maladie contagieuse.","og_url":"https:\/\/monmedenligne.com\/Blog\/sante\/loreillon-un-mal-revolu-ou-dactualite\/","og_site_name":"MonmedMag","article_publisher":"https:\/\/web.facebook.com\/MonMedEnligne","article_published_time":"2022-09-06T09:29:02+00:00","article_modified_time":"2022-09-06T09:40:37+00:00","og_image":[{"width":800,"height":390,"url":"https:\/\/monmedenligne.com\/Blog\/wp-content\/uploads\/2022\/09\/oreillondeux.jpeg","type":"image\/jpeg"}],"twitter_card":"summary_large_image","twitter_creator":"@monmedenligne","twitter_site":"@monmedenligne","twitter_misc":{"\u00c9crit par":"Ornella Sabi","Dur\u00e9e de lecture estim\u00e9e":"3 minutes"},"schema":{"@context":"https:\/\/schema.org","@graph":[{"@type":"WebSite","@id":"https:\/\/monmedenligne.com\/Blog\/#website","url":"https:\/\/monmedenligne.com\/Blog\/","name":"MonmedMag","description":"La maladie tue, l&#039;ignorance aussi","potentialAction":[{"@type":"SearchAction","target":{"@type":"EntryPoint","urlTemplate":"https:\/\/monmedenligne.com\/Blog\/?s={search_term_string}"},"query-input":"required name=search_term_string"}],"inLanguage":"fr-FR"},{"@type":"ImageObject","@id":"https:\/\/monmedenligne.com\/Blog\/sante\/loreillon-un-mal-revolu-ou-dactualite\/#primaryimage","inLanguage":"fr-FR","url":"https:\/\/monmedenligne.com\/Blog\/wp-content\/uploads\/2022\/09\/oreillondeux.jpeg","contentUrl":"https:\/\/monmedenligne.com\/Blog\/wp-content\/uploads\/2022\/09\/oreillondeux.jpeg","width":800,"height":390},{"@type":"WebPage","@id":"https:\/\/monmedenligne.com\/Blog\/sante\/loreillon-un-mal-revolu-ou-dactualite\/#webpage","url":"https:\/\/monmedenligne.com\/Blog\/sante\/loreillon-un-mal-revolu-ou-dactualite\/","name":"L'OREILLON : UN MAL R\u00c9VOLU OU D'ACTUALIT\u00c9 ? - MonmedMag","isPartOf":{"@id":"https:\/\/monmedenligne.com\/Blog\/#website"},"primaryImageOfPage":{"@id":"https:\/\/monmedenligne.com\/Blog\/sante\/loreillon-un-mal-revolu-ou-dactualite\/#primaryimage"},"datePublished":"2022-09-06T09:29:02+00:00","dateModified":"2022-09-06T09:40:37+00:00","author":{"@id":"https:\/\/monmedenligne.com\/Blog\/#\/schema\/person\/92ceb3a929386accacd02e187da53cf4"},"description":"L'oreillon est une infection virale due au virus ourlien, du genre rubulavirus. Il s'agit d'une maladie contagieuse.","breadcrumb":{"@id":"https:\/\/monmedenligne.com\/Blog\/sante\/loreillon-un-mal-revolu-ou-dactualite\/#breadcrumb"},"inLanguage":"fr-FR","potentialAction":[{"@type":"ReadAction","target":["https:\/\/monmedenligne.com\/Blog\/sante\/loreillon-un-mal-revolu-ou-dactualite\/"]}]},{"@type":"BreadcrumbList","@id":"https:\/\/monmedenligne.com\/Blog\/sante\/loreillon-un-mal-revolu-ou-dactualite\/#breadcrumb","itemListElement":[{"@type":"ListItem","position":1,"name":"Accueil","item":"https:\/\/monmedenligne.com\/Blog\/"},{"@type":"ListItem","position":2,"name":"L&rsquo;OREILLON : UN MAL R\u00c9VOLU OU D&rsquo;ACTUALIT\u00c9 ?"}]},{"@type":"Person","@id":"https:\/\/monmedenligne.com\/Blog\/#\/schema\/person\/92ceb3a929386accacd02e187da53cf4","name":"Ornella Sabi","image":{"@type":"ImageObject","@id":"https:\/\/monmedenligne.com\/Blog\/#personlogo","inLanguage":"fr-FR","url":"https:\/\/secure.gravatar.com\/avatar\/f868c057a0fc76b58b49cba8b25eefec?s=96&d=mm&r=g","contentUrl":"https:\/\/secure.gravatar.com\/avatar\/f868c057a0fc76b58b49cba8b25eefec?s=96&d=mm&r=g","caption":"Ornella Sabi"},"url":"https:\/\/monmedenligne.com\/Blog\/author\/sabi\/"}]}},"_links":{"self":[{"href":"https:\/\/monmedenligne.com\/Blog\/wp-json\/wp\/v2\/posts\/696"}],"collection":[{"href":"https:\/\/monmedenligne.com\/Blog\/wp-json\/wp\/v2\/posts"}],"about":[{"href":"https:\/\/monmedenligne.com\/Blog\/wp-json\/wp\/v2\/types\/post"}],"author":[{"embeddable":true,"href":"https:\/\/monmedenligne.com\/Blog\/wp-json\/wp\/v2\/users\/3"}],"replies":[{"embeddable":true,"href":"https:\/\/monmedenligne.com\/Blog\/wp-json\/wp\/v2\/comments?post=696"}],"version-history":[{"count":4,"href":"https:\/\/monmedenligne.com\/Blog\/wp-json\/wp\/v2\/posts\/696\/revisions"}],"predecessor-version":[{"id":701,"href":"https:\/\/monmedenligne.com\/Blog\/wp-json\/wp\/v2\/posts\/696\/revisions\/701"}],"wp:featuredmedia":[{"embeddable":true,"href":"https:\/\/monmedenligne.com\/Blog\/wp-json\/wp\/v2\/media\/698"}],"wp:attachment":[{"href":"https:\/\/monmedenligne.com\/Blog\/wp-json\/wp\/v2\/media?parent=696"}],"wp:term":[{"taxonomy":"category","embeddable":true,"href":"https:\/\/monmedenligne.com\/Blog\/wp-json\/wp\/v2\/categories?post=696"},{"taxonomy":"post_tag","embeddable":true,"href":"https:\/\/monmedenligne.com\/Blog\/wp-json\/wp\/v2\/tags?post=696"}],"curies":[{"name":"wp","href":"https:\/\/api.w.org\/{rel}","templated":true}]}}